{"id":2920,"date":"2025-08-04T18:20:58","date_gmt":"2025-08-04T18:20:58","guid":{"rendered":"https:\/\/quintadopacowinery.pt\/?p=2920"},"modified":"2025-08-14T09:25:24","modified_gmt":"2025-08-14T09:25:24","slug":"a-toast-to-summer-sunset-laughter-and-ana-wines-at-quinta-do-casal-da-silva","status":"publish","type":"post","link":"https:\/\/quintadopacowinery.pt\/pt\/a-toast-to-summer-sunset-laughter-and-ana-wines-at-quinta-do-casal-da-silva\/","title":{"rendered":"Um brinde ao ver\u00e3o: p\u00f4r do sol, risos e vinhos ANA na Quinta do Casal da Silva"},"content":{"rendered":"<div data-elementor-type=\"wp-post\" data-elementor-id=\"2920\" class=\"elementor elementor-2920\" data-elementor-post-type=\"post\">\n\t\t\t\t\t\t<section class=\"elementor-section elementor-top-section elementor-element elementor-element-4dc0fa6 elementor-section-height-min-height elementor-section-stretched elementor-section-full_width elementor-section-items-bottom elementor-section-height-default\" data-id=\"4dc0fa6\" data-element_type=\"section\" data-e-type=\"section\" data-settings=\"{&quot;stretch_section&quot;:&quot;section-stretched&quot;,&quot;background_background&quot;:&quot;classic&quot;}\">\n\t\t\t\t\t\t<div class=\"elementor-container elementor-column-gap-default\">\n\t\t\t\t\t<div class=\"elementor-column elementor-col-100 elementor-top-column elementor-element elementor-element-389cd35\" data-id=\"389cd35\" data-element_type=\"column\" data-e-type=\"column\">\n\t\t\t<div class=\"elementor-widget-wrap\">\n\t\t\t\t\t\t\t<\/div>\n\t\t<\/div>\n\t\t\t\t\t<\/div>\n\t\t<\/section>\n\t\t\t\t<section class=\"elementor-section elementor-top-section elementor-element elementor-element-421cbc0 elementor-section-content-top elementor-section-boxed elementor-section-height-default elementor-section-height-default\" data-id=\"421cbc0\" data-element_type=\"section\" data-e-type=\"section\">\n\t\t\t\t\t\t<div class=\"elementor-container elementor-column-gap-no\">\n\t\t\t\t\t<div class=\"elementor-column elementor-col-66 elementor-top-column elementor-element elementor-element-d2382af\" data-id=\"d2382af\" data-element_type=\"column\" data-e-type=\"column\">\n\t\t\t<div class=\"elementor-widget-wrap elementor-element-populated\">\n\t\t\t\t\t\t<div class=\"elementor-element elementor-element-225bbe0 elementor-widget elementor-widget-heading\" data-id=\"225bbe0\" data-element_type=\"widget\" data-e-type=\"widget\" data-widget_type=\"heading.default\">\n\t\t\t\t<div class=\"elementor-widget-container\">\n\t\t\t\t\t<h1 class=\"elementor-heading-title elementor-size-default\">Um brinde ao ver\u00e3o: p\u00f4r do sol, risos e vinhos ANA na Quinta do Casal da Silva<\/h1>\t\t\t\t<\/div>\n\t\t\t\t<\/div>\n\t\t\t\t<div class=\"elementor-element elementor-element-a01fa25 elementor-widget elementor-widget-image\" data-id=\"a01fa25\" data-element_type=\"widget\" data-e-type=\"widget\" data-widget_type=\"image.default\">\n\t\t\t\t<div class=\"elementor-widget-container\">\n\t\t\t\t\t\t\t\t\t\t\t\t\t\t\t<img fetchpriority=\"high\" decoding=\"async\" width=\"1920\" height=\"2560\" src=\"https:\/\/quintadopacowinery.pt\/wp-content\/uploads\/2025\/08\/Quinta-do-Paco-ANA-wines-at-Quinta-Casal-da-Silva-sunset--scaled.jpg\" class=\"attachment-full size-full wp-image-2908\" alt=\"\" srcset=\"https:\/\/quintadopacowinery.pt\/wp-content\/uploads\/2025\/08\/Quinta-do-Paco-ANA-wines-at-Quinta-Casal-da-Silva-sunset--scaled.jpg 1920w, https:\/\/quintadopacowinery.pt\/wp-content\/uploads\/2025\/08\/Quinta-do-Paco-ANA-wines-at-Quinta-Casal-da-Silva-sunset--225x300.jpg 225w, https:\/\/quintadopacowinery.pt\/wp-content\/uploads\/2025\/08\/Quinta-do-Paco-ANA-wines-at-Quinta-Casal-da-Silva-sunset--768x1024.jpg 768w, https:\/\/quintadopacowinery.pt\/wp-content\/uploads\/2025\/08\/Quinta-do-Paco-ANA-wines-at-Quinta-Casal-da-Silva-sunset--1152x1536.jpg 1152w, https:\/\/quintadopacowinery.pt\/wp-content\/uploads\/2025\/08\/Quinta-do-Paco-ANA-wines-at-Quinta-Casal-da-Silva-sunset--1536x2048.jpg 1536w, https:\/\/quintadopacowinery.pt\/wp-content\/uploads\/2025\/08\/Quinta-do-Paco-ANA-wines-at-Quinta-Casal-da-Silva-sunset--9x12.jpg 9w\" sizes=\"(max-width: 1920px) 100vw, 1920px\" \/>\t\t\t\t\t\t\t\t\t\t\t\t\t\t\t<\/div>\n\t\t\t\t<\/div>\n\t\t\t\t<div class=\"elementor-element elementor-element-57c3278 elementor-widget elementor-widget-text-editor\" data-id=\"57c3278\" data-element_type=\"widget\" data-e-type=\"widget\" data-widget_type=\"text-editor.default\">\n\t\t\t\t<div class=\"elementor-widget-container\">\n\t\t\t\t\t\t\t\t\t<p><span style=\"font-weight: 400;\">Se h\u00e1 algo melhor do que uma tarde quente de ver\u00e3o, \u00e9 poder desfrut\u00e1-la com amigos, boa m\u00fasica e, claro, um copo de Vinho Verde fresco na m\u00e3o.\u00a0<\/span><\/p>\t\t\t\t\t\t\t\t<\/div>\n\t\t\t\t<\/div>\n\t\t\t\t<div class=\"elementor-element elementor-element-5088096 elementor-widget elementor-widget-text-editor\" data-id=\"5088096\" data-element_type=\"widget\" data-e-type=\"widget\" data-widget_type=\"text-editor.default\">\n\t\t\t\t<div class=\"elementor-widget-container\">\n\t\t\t\t\t\t\t\t\t<p><span style=\"font-weight: 400;\">Recentemente, tivemos o prazer de participar num encantador p\u00f4r do sol na charmosa Quinta do Casal da Silva, aquele lugar onde o tempo parece desacelerar e tudo faz sentido. <\/span><\/p>\t\t\t\t\t\t\t\t<\/div>\n\t\t\t\t<\/div>\n\t\t\t\t<div class=\"elementor-element elementor-element-296f567 elementor-widget elementor-widget-text-editor\" data-id=\"296f567\" data-element_type=\"widget\" data-e-type=\"widget\" data-widget_type=\"text-editor.default\">\n\t\t\t\t<div class=\"elementor-widget-container\">\n\t\t\t\t\t\t\t\t\t<p><span style=\"font-weight: 400;\">E sabe o que fez toda a diferen\u00e7a? A nossa gama de vinhos ANA que, mod\u00e9stia \u00e0 parte, brilhou e conquistou cora\u00e7\u00f5es \u2013 e paladares!<\/span><\/p>\t\t\t\t\t\t\t\t<\/div>\n\t\t\t\t<\/div>\n\t\t\t\t<div class=\"elementor-element elementor-element-3722736 elementor-widget elementor-widget-heading\" data-id=\"3722736\" data-element_type=\"widget\" data-e-type=\"widget\" data-widget_type=\"heading.default\">\n\t\t\t\t<div class=\"elementor-widget-container\">\n\t\t\t\t\t<h6 class=\"elementor-heading-title elementor-size-default\">A magia dos pores do sol de ver\u00e3o\n<\/h6>\t\t\t\t<\/div>\n\t\t\t\t<\/div>\n\t\t\t\t<div class=\"elementor-element elementor-element-4bd67ac elementor-widget elementor-widget-text-editor\" data-id=\"4bd67ac\" data-element_type=\"widget\" data-e-type=\"widget\" data-widget_type=\"text-editor.default\">\n\t\t\t\t<div class=\"elementor-widget-container\">\n\t\t\t\t\t\t\t\t\t<p><span style=\"font-weight: 400;\">O ambiente era exatamente o que quer\u00edamos no final da tarde: as cores douradas do p\u00f4r do sol, risos a ecoar pelo jardim e aquela sensa\u00e7\u00e3o de que o ver\u00e3o deveria durar para sempre. E, como n\u00e3o poderia deixar de ser, o Vinho Verde foi o rei da festa. Era leve, arom\u00e1tico e cheio de personalidade, tal como o momento exigia.<\/span><\/p>\t\t\t\t\t\t\t\t<\/div>\n\t\t\t\t<\/div>\n\t\t\t\t<div class=\"elementor-element elementor-element-bf162d6 elementor-widget elementor-widget-heading\" data-id=\"bf162d6\" data-element_type=\"widget\" data-e-type=\"widget\" data-widget_type=\"heading.default\">\n\t\t\t\t<div class=\"elementor-widget-container\">\n\t\t\t\t\t<h3 class=\"elementor-heading-title elementor-size-default\">A estreia do novo ANA Ros\u00e9\n<\/h3>\t\t\t\t<\/div>\n\t\t\t\t<\/div>\n\t\t\t\t<div class=\"elementor-element elementor-element-7d9a4df elementor-widget elementor-widget-text-editor\" data-id=\"7d9a4df\" data-element_type=\"widget\" data-e-type=\"widget\" data-widget_type=\"text-editor.default\">\n\t\t\t\t<div class=\"elementor-widget-container\">\n\t\t\t\t\t\t\t\t\t<p><span style=\"font-weight: 400;\">Mas havia uma estrela especial neste p\u00f4r do sol: o nosso novo ANA Ros\u00e9. Muito fresco, com aquela cor rosa que d\u00e1 vontade de tirar uma foto e um sabor vibrante que pede mais um gole. Entre brindes e selfies, o Ros\u00e9 tornou-se o favorito da noite, a escolha certa para celebrar novas amizades, amores de ver\u00e3o e toda a alegria que s\u00f3 estas noites podem trazer.<\/span><\/p>\t\t\t\t\t\t\t\t<\/div>\n\t\t\t\t<\/div>\n\t\t\t\t<div class=\"elementor-element elementor-element-45aff6a elementor-widget elementor-widget-heading\" data-id=\"45aff6a\" data-element_type=\"widget\" data-e-type=\"widget\" data-widget_type=\"heading.default\">\n\t\t\t\t<div class=\"elementor-widget-container\">\n\t\t\t\t\t<h3 class=\"elementor-heading-title elementor-size-default\">Porqu\u00ea Vinho Verde no ver\u00e3o?\n\n<\/h3>\t\t\t\t<\/div>\n\t\t\t\t<\/div>\n\t\t\t\t<div class=\"elementor-element elementor-element-5700e28 elementor-widget elementor-widget-text-editor\" data-id=\"5700e28\" data-element_type=\"widget\" data-e-type=\"widget\" data-widget_type=\"text-editor.default\">\n\t\t\t\t<div class=\"elementor-widget-container\">\n\t\t\t\t\t\t\t\t\t<p><span style=\"font-weight: 400;\">Basta dar um gole para entender o porqu\u00ea. O Vinho Verde \u00e9 a combina\u00e7\u00e3o perfeita para dias quentes: \u00e9 leve, frutado e refrescante. Combina muito bem com petiscos, saladas, sushi ou at\u00e9 mesmo aquela boa conversa que dura at\u00e9 depois do p\u00f4r do sol. E o melhor? \u00c9 um daqueles vinhos que nunca cansa, convidando-o a tomar mais um copo, dar mais uma risada, fazer mais um brinde.<\/span><\/p>\t\t\t\t\t\t\t\t<\/div>\n\t\t\t\t<\/div>\n\t\t\t\t<div class=\"elementor-element elementor-element-d377709 elementor-widget elementor-widget-heading\" data-id=\"d377709\" data-element_type=\"widget\" data-e-type=\"widget\" data-widget_type=\"heading.default\">\n\t\t\t\t<div class=\"elementor-widget-container\">\n\t\t\t\t\t<h3 class=\"elementor-heading-title elementor-size-default\">Leva um pouco deste ver\u00e3o contigo\n<\/h3>\t\t\t\t<\/div>\n\t\t\t\t<\/div>\n\t\t\t\t<div class=\"elementor-element elementor-element-8a6475d elementor-widget elementor-widget-text-editor\" data-id=\"8a6475d\" data-element_type=\"widget\" data-e-type=\"widget\" data-widget_type=\"text-editor.default\">\n\t\t\t\t<div class=\"elementor-widget-container\">\n\t\t\t\t\t\t\t\t\t<p><span style=\"font-weight: 400;\">N\u00e3o h\u00e1 segredos, apenas prazer simples: um copo bem servido de ANA Vinho Verde, companhia descontra\u00edda e a promessa de que o ver\u00e3o ainda agora come\u00e7ou. Seja um p\u00f4r do sol ao ar livre ou uma varanda com amigos, o importante \u00e9 celebrar as pequenas alegrias e brindar ao que realmente importa \u2013 bons momentos, sempre.<\/span><\/p><p><span style=\"font-weight: 400;\">Est\u00e1 com vontade de experimentar? Arrisque, refresque-se e descubra por si mesmo o prazer de degustar um bom Vinho Verde neste ver\u00e3o. At\u00e9 ao pr\u00f3ximo brinde!<\/span><\/p>\t\t\t\t\t\t\t\t<\/div>\n\t\t\t\t<\/div>\n\t\t\t\t<div class=\"elementor-element elementor-element-e5f9890 elementor-widget elementor-widget-spacer\" data-id=\"e5f9890\" data-element_type=\"widget\" data-e-type=\"widget\" data-widget_type=\"spacer.default\">\n\t\t\t\t<div class=\"elementor-widget-container\">\n\t\t\t\t\t\t\t<div class=\"elementor-spacer\">\n\t\t\t<div class=\"elementor-spacer-inner\"><\/div>\n\t\t<\/div>\n\t\t\t\t\t\t<\/div>\n\t\t\t\t<\/div>\n\t\t\t\t<div class=\"elementor-element elementor-element-faa35f9 elementor-widget elementor-widget-text-editor\" data-id=\"faa35f9\" data-element_type=\"widget\" data-e-type=\"widget\" data-widget_type=\"text-editor.default\">\n\t\t\t\t<div class=\"elementor-widget-container\">\n\t\t\t\t\t\t\t\t\t<p>\ud83d\udc49 <span style=\"color: #003300;\"><a style=\"color: #003300;\" href=\"https:\/\/quintadopacowinery.pt\/pt\/wines-quinta-do-paco\/\">https:\/\/quintadopacowinery.pt\/wines-quinta-do-paco\/<\/a>\u00a0<\/span><\/p><p><span style=\"font-weight: 400;\">Siga-nos no Instagram <\/span><span style=\"color: #003300;\"><a style=\"color: #003300;\" href=\"https:\/\/www.instagram.com\/quintadopacowinery\/\"><span style=\"font-weight: 400;\">https:\/\/www.instagram.com\/quintadopacowinery\/<\/span><\/a> <\/span><\/p>\t\t\t\t\t\t\t\t<\/div>\n\t\t\t\t<\/div>\n\t\t\t\t<div class=\"elementor-element elementor-element-6887ecf elementor-widget-divider--view-line elementor-widget elementor-widget-divider\" data-id=\"6887ecf\" data-element_type=\"widget\" data-e-type=\"widget\" data-widget_type=\"divider.default\">\n\t\t\t\t<div class=\"elementor-widget-container\">\n\t\t\t\t\t\t\t<div class=\"elementor-divider\">\n\t\t\t<span class=\"elementor-divider-separator\">\n\t\t\t\t\t\t<\/span>\n\t\t<\/div>\n\t\t\t\t\t\t<\/div>\n\t\t\t\t<\/div>\n\t\t\t\t<div class=\"elementor-element elementor-element-395846e elementor-widget elementor-widget-text-editor\" data-id=\"395846e\" data-element_type=\"widget\" data-e-type=\"widget\" data-widget_type=\"text-editor.default\">\n\t\t\t\t<div class=\"elementor-widget-container\">\n\t\t\t\t\t\t\t\t\t<p style=\"text-align: center;\">Allow us to present to you the esteemed Minha M\u00e3e Ana, a Vinho Verde that has been honoured with an award in 2023, 2024 and 2025.<\/p>\t\t\t\t\t\t\t\t<\/div>\n\t\t\t\t<\/div>\n\t\t\t\t<div class=\"elementor-element elementor-element-ab8b140 elementor-align-center elementor-widget elementor-widget-button\" data-id=\"ab8b140\" data-element_type=\"widget\" data-e-type=\"widget\" data-widget_type=\"button.default\">\n\t\t\t\t<div class=\"elementor-widget-container\">\n\t\t\t\t\t\t\t\t\t<div class=\"elementor-button-wrapper\">\n\t\t\t\t\t<a class=\"elementor-button elementor-button-link elementor-size-md\" href=\"https:\/\/quintadopacowinery.pt\/pt\/wines\/\">\n\t\t\t\t\t\t<span class=\"elementor-button-content-wrapper\">\n\t\t\t\t\t\t\t\t\t<span class=\"elementor-button-text\">Loja<\/span>\n\t\t\t\t\t<\/span>\n\t\t\t\t\t<\/a>\n\t\t\t\t<\/div>\n\t\t\t\t\t\t\t\t<\/div>\n\t\t\t\t<\/div>\n\t\t\t\t<div class=\"elementor-element elementor-element-bdb058d elementor-widget-divider--view-line elementor-widget elementor-widget-divider\" data-id=\"bdb058d\" data-element_type=\"widget\" data-e-type=\"widget\" data-widget_type=\"divider.default\">\n\t\t\t\t<div class=\"elementor-widget-container\">\n\t\t\t\t\t\t\t<div class=\"elementor-divider\">\n\t\t\t<span class=\"elementor-divider-separator\">\n\t\t\t\t\t\t<\/span>\n\t\t<\/div>\n\t\t\t\t\t\t<\/div>\n\t\t\t\t<\/div>\n\t\t\t\t\t<\/div>\n\t\t<\/div>\n\t\t\t\t<div class=\"elementor-column elementor-col-33 elementor-top-column elementor-element elementor-element-3823bc6\" data-id=\"3823bc6\" data-element_type=\"column\" data-e-type=\"column\" data-settings=\"{&quot;background_background&quot;:&quot;classic&quot;}\">\n\t\t\t<div class=\"elementor-widget-wrap elementor-element-populated\">\n\t\t\t\t\t\t<div class=\"elementor-element elementor-element-4776e5f elementor-widget elementor-widget-heading\" data-id=\"4776e5f\" data-element_type=\"widget\" data-e-type=\"widget\" data-widget_type=\"heading.default\">\n\t\t\t\t<div class=\"elementor-widget-container\">\n\t\t\t\t\t<h2 class=\"elementor-heading-title elementor-size-default\">Mais Popular<\/h2>\t\t\t\t<\/div>\n\t\t\t\t<\/div>\n\t\t\t\t<div class=\"elementor-element elementor-element-4387d70 elementor-grid-1 elementor-grid-tablet-3 elementor-grid-mobile-1 elementor-posts--thumbnail-top elementor-widget elementor-widget-posts\" data-id=\"4387d70\" data-element_type=\"widget\" data-e-type=\"widget\" data-settings=\"{&quot;classic_columns&quot;:&quot;1&quot;,&quot;classic_columns_tablet&quot;:&quot;3&quot;,&quot;classic_row_gap&quot;:{&quot;unit&quot;:&quot;px&quot;,&quot;size&quot;:30,&quot;sizes&quot;:[]},&quot;classic_columns_mobile&quot;:&quot;1&quot;,&quot;classic_row_gap_tablet&quot;:{&quot;unit&quot;:&quot;px&quot;,&quot;size&quot;:&quot;&quot;,&quot;sizes&quot;:[]},&quot;classic_row_gap_mobile&quot;:{&quot;unit&quot;:&quot;px&quot;,&quot;size&quot;:&quot;&quot;,&quot;sizes&quot;:[]}}\" data-widget_type=\"posts.classic\">\n\t\t\t\t<div class=\"elementor-widget-container\">\n\t\t\t\t\t\t\t<div class=\"elementor-posts-container elementor-posts elementor-posts--skin-classic elementor-grid\" role=\"list\">\n\t\t\t\t<article class=\"elementor-post elementor-grid-item post-2956 post type-post status-publish format-standard has-post-thumbnail hentry category-paco-news tag-harvest\" role=\"listitem\">\n\t\t\t\t<a class=\"elementor-post__thumbnail__link\" href=\"https:\/\/quintadopacowinery.pt\/pt\/2025-harvest-new-grape-varieties-and-family-spirit-at-quinta-do-paco\/\" tabindex=\"-1\" >\n\t\t\t<div class=\"elementor-post__thumbnail\"><img decoding=\"async\" width=\"2048\" height=\"1365\" src=\"https:\/\/quintadopacowinery.pt\/wp-content\/uploads\/2025\/09\/KL_02830-2048x1365.jpeg\" class=\"attachment-2048x2048 size-2048x2048 wp-image-2950\" alt=\"2025 Harvest: New Grape Varieties and Family Spirit at Quinta do Pa\u00e7o\" srcset=\"https:\/\/quintadopacowinery.pt\/wp-content\/uploads\/2025\/09\/KL_02830-2048x1365.jpeg 2048w, https:\/\/quintadopacowinery.pt\/wp-content\/uploads\/2025\/09\/KL_02830-300x200.jpeg 300w, https:\/\/quintadopacowinery.pt\/wp-content\/uploads\/2025\/09\/KL_02830-1024x683.jpeg 1024w, https:\/\/quintadopacowinery.pt\/wp-content\/uploads\/2025\/09\/KL_02830-768x512.jpeg 768w, https:\/\/quintadopacowinery.pt\/wp-content\/uploads\/2025\/09\/KL_02830-1536x1024.jpeg 1536w, https:\/\/quintadopacowinery.pt\/wp-content\/uploads\/2025\/09\/KL_02830-18x12.jpeg 18w\" sizes=\"(max-width: 2048px) 100vw, 2048px\" \/><\/div>\n\t\t<\/a>\n\t\t\t\t<div class=\"elementor-post__text\">\n\t\t\t\t<h3 class=\"elementor-post__title\">\n\t\t\t<a href=\"https:\/\/quintadopacowinery.pt\/pt\/2025-harvest-new-grape-varieties-and-family-spirit-at-quinta-do-paco\/\" >\n\t\t\t\tVindima 2025: As Novas Castas e o Esp\u00edrito Familiar na Quinta do Pa\u00e7o\t\t\t<\/a>\n\t\t<\/h3>\n\t\t\n\t\t<a class=\"elementor-post__read-more\" href=\"https:\/\/quintadopacowinery.pt\/pt\/2025-harvest-new-grape-varieties-and-family-spirit-at-quinta-do-paco\/\" aria-label=\"Read more about 2025 Harvest: New Grape Varieties and Family Spirit at Quinta do Pa\u00e7o\" tabindex=\"-1\" >\n\t\t\tSaber Mais\t\t<\/a>\n\n\t\t\t\t<\/div>\n\t\t\t\t<\/article>\n\t\t\t\t<article class=\"elementor-post elementor-grid-item post-2920 post type-post status-publish format-standard has-post-thumbnail hentry category-paco-news tag-awards\" role=\"listitem\">\n\t\t\t\t<a class=\"elementor-post__thumbnail__link\" href=\"https:\/\/quintadopacowinery.pt\/pt\/a-toast-to-summer-sunset-laughter-and-ana-wines-at-quinta-do-casal-da-silva\/\" tabindex=\"-1\" >\n\t\t\t<div class=\"elementor-post__thumbnail\"><img decoding=\"async\" width=\"1536\" height=\"2048\" src=\"https:\/\/quintadopacowinery.pt\/wp-content\/uploads\/2025\/08\/Quinta-do-Paco-ANA-wines-at-Quinta-Casal-da-Silva-sunset--1536x2048.jpg\" class=\"attachment-2048x2048 size-2048x2048 wp-image-2908\" alt=\"\" srcset=\"https:\/\/quintadopacowinery.pt\/wp-content\/uploads\/2025\/08\/Quinta-do-Paco-ANA-wines-at-Quinta-Casal-da-Silva-sunset--1536x2048.jpg 1536w, https:\/\/quintadopacowinery.pt\/wp-content\/uploads\/2025\/08\/Quinta-do-Paco-ANA-wines-at-Quinta-Casal-da-Silva-sunset--225x300.jpg 225w, https:\/\/quintadopacowinery.pt\/wp-content\/uploads\/2025\/08\/Quinta-do-Paco-ANA-wines-at-Quinta-Casal-da-Silva-sunset--768x1024.jpg 768w, https:\/\/quintadopacowinery.pt\/wp-content\/uploads\/2025\/08\/Quinta-do-Paco-ANA-wines-at-Quinta-Casal-da-Silva-sunset--1152x1536.jpg 1152w, https:\/\/quintadopacowinery.pt\/wp-content\/uploads\/2025\/08\/Quinta-do-Paco-ANA-wines-at-Quinta-Casal-da-Silva-sunset--9x12.jpg 9w, https:\/\/quintadopacowinery.pt\/wp-content\/uploads\/2025\/08\/Quinta-do-Paco-ANA-wines-at-Quinta-Casal-da-Silva-sunset--scaled.jpg 1920w\" sizes=\"(max-width: 1536px) 100vw, 1536px\" \/><\/div>\n\t\t<\/a>\n\t\t\t\t<div class=\"elementor-post__text\">\n\t\t\t\t<h3 class=\"elementor-post__title\">\n\t\t\t<a href=\"https:\/\/quintadopacowinery.pt\/pt\/a-toast-to-summer-sunset-laughter-and-ana-wines-at-quinta-do-casal-da-silva\/\" >\n\t\t\t\tUm brinde ao ver\u00e3o: p\u00f4r do sol, risos e vinhos ANA na Quinta do Casal da Silva\t\t\t<\/a>\n\t\t<\/h3>\n\t\t\n\t\t<a class=\"elementor-post__read-more\" href=\"https:\/\/quintadopacowinery.pt\/pt\/a-toast-to-summer-sunset-laughter-and-ana-wines-at-quinta-do-casal-da-silva\/\" aria-label=\"Read more about A Toast to Summer: Sunset, Laughter and ANA WINES at Quinta do Casal da Silva\" tabindex=\"-1\" >\n\t\t\tSaber Mais\t\t<\/a>\n\n\t\t\t\t<\/div>\n\t\t\t\t<\/article>\n\t\t\t\t<article class=\"elementor-post elementor-grid-item post-2907 post type-post status-publish format-standard has-post-thumbnail hentry category-paco-news tag-awards\" role=\"listitem\">\n\t\t\t\t<a class=\"elementor-post__thumbnail__link\" href=\"https:\/\/quintadopacowinery.pt\/pt\/quinta-do-paco-silver-medal-at-the-marco-2025-wine-competition-a-toast-to-excellence-and-tradition\/\" tabindex=\"-1\" >\n\t\t\t<div class=\"elementor-post__thumbnail\"><img loading=\"lazy\" decoding=\"async\" width=\"2048\" height=\"1140\" src=\"https:\/\/quintadopacowinery.pt\/wp-content\/uploads\/2025\/08\/quinta-do-paco-winery-awarded-silver-in-Marco-Wine-Contest-2025.jpg\" class=\"attachment-2048x2048 size-2048x2048 wp-image-2909\" alt=\"\" srcset=\"https:\/\/quintadopacowinery.pt\/wp-content\/uploads\/2025\/08\/quinta-do-paco-winery-awarded-silver-in-Marco-Wine-Contest-2025.jpg 2048w, https:\/\/quintadopacowinery.pt\/wp-content\/uploads\/2025\/08\/quinta-do-paco-winery-awarded-silver-in-Marco-Wine-Contest-2025-300x167.jpg 300w, https:\/\/quintadopacowinery.pt\/wp-content\/uploads\/2025\/08\/quinta-do-paco-winery-awarded-silver-in-Marco-Wine-Contest-2025-1024x570.jpg 1024w, https:\/\/quintadopacowinery.pt\/wp-content\/uploads\/2025\/08\/quinta-do-paco-winery-awarded-silver-in-Marco-Wine-Contest-2025-768x428.jpg 768w, https:\/\/quintadopacowinery.pt\/wp-content\/uploads\/2025\/08\/quinta-do-paco-winery-awarded-silver-in-Marco-Wine-Contest-2025-1536x855.jpg 1536w, https:\/\/quintadopacowinery.pt\/wp-content\/uploads\/2025\/08\/quinta-do-paco-winery-awarded-silver-in-Marco-Wine-Contest-2025-18x10.jpg 18w\" sizes=\"(max-width: 2048px) 100vw, 2048px\" \/><\/div>\n\t\t<\/a>\n\t\t\t\t<div class=\"elementor-post__text\">\n\t\t\t\t<h3 class=\"elementor-post__title\">\n\t\t\t<a href=\"https:\/\/quintadopacowinery.pt\/pt\/quinta-do-paco-silver-medal-at-the-marco-2025-wine-competition-a-toast-to-excellence-and-tradition\/\" >\n\t\t\t\tQuinta do Pa\u00e7o: Medalha de Prata no Concurso de Vinhos Marco 2025 \u2014 Um brinde \u00e0 excel\u00eancia e \u00e0 tradi\u00e7\u00e3o\t\t\t<\/a>\n\t\t<\/h3>\n\t\t\n\t\t<a class=\"elementor-post__read-more\" href=\"https:\/\/quintadopacowinery.pt\/pt\/quinta-do-paco-silver-medal-at-the-marco-2025-wine-competition-a-toast-to-excellence-and-tradition\/\" aria-label=\"Read more about Quinta do Pa\u00e7o: Silver Medal at the Marco 2025 Wine Competition \u2014 A Toast to Excellence and Tradition\" tabindex=\"-1\" >\n\t\t\tSaber Mais\t\t<\/a>\n\n\t\t\t\t<\/div>\n\t\t\t\t<\/article>\n\t\t\t\t<\/div>\n\t\t\n\t\t\t\t\t\t<\/div>\n\t\t\t\t<\/div>\n\t\t\t\t\t<\/div>\n\t\t<\/div>\n\t\t\t\t\t<\/div>\n\t\t<\/section>\n\t\t\t\t<section class=\"elementor-section elementor-top-section elementor-element elementor-element-cf36b56 elementor-section-boxed elementor-section-height-default elementor-section-height-default\" data-id=\"cf36b56\" data-element_type=\"section\" data-e-type=\"section\">\n\t\t\t\t\t\t<div class=\"elementor-container elementor-column-gap-default\">\n\t\t\t\t\t<div class=\"elementor-column elementor-col-100 elementor-top-column elementor-element elementor-element-7f84699\" data-id=\"7f84699\" data-element_type=\"column\" data-e-type=\"column\">\n\t\t\t<div class=\"elementor-widget-wrap elementor-element-populated\">\n\t\t\t\t\t\t<section class=\"elementor-section elementor-inner-section elementor-element elementor-element-e6d484a elementor-section-boxed elementor-section-height-default elementor-section-height-default\" data-id=\"e6d484a\" data-element_type=\"section\" data-e-type=\"section\">\n\t\t\t\t\t\t<div class=\"elementor-container elementor-column-gap-default\">\n\t\t\t\t\t<div class=\"elementor-column elementor-col-50 elementor-inner-column elementor-element elementor-element-0e111f2\" data-id=\"0e111f2\" data-element_type=\"column\" data-e-type=\"column\">\n\t\t\t<div class=\"elementor-widget-wrap elementor-element-populated\">\n\t\t\t\t\t\t<div class=\"elementor-element elementor-element-c0d48a5 elementor-widget elementor-widget-heading\" data-id=\"c0d48a5\" data-element_type=\"widget\" data-e-type=\"widget\" data-widget_type=\"heading.default\">\n\t\t\t\t<div class=\"elementor-widget-container\">\n\t\t\t\t\t<h2 class=\"elementor-heading-title elementor-size-default\">Partilhar:<\/h2>\t\t\t\t<\/div>\n\t\t\t\t<\/div>\n\t\t\t\t\t<\/div>\n\t\t<\/div>\n\t\t\t\t<div class=\"elementor-column elementor-col-50 elementor-inner-column elementor-element elementor-element-6c9f734\" data-id=\"6c9f734\" data-element_type=\"column\" data-e-type=\"column\">\n\t\t\t<div class=\"elementor-widget-wrap elementor-element-populated\">\n\t\t\t\t\t\t<div class=\"elementor-element elementor-element-2c206f0 elementor-share-buttons--skin-framed elementor-share-buttons--color-custom elementor-share-buttons--view-icon-text elementor-share-buttons--shape-square elementor-grid-0 elementor-widget elementor-widget-share-buttons\" data-id=\"2c206f0\" data-element_type=\"widget\" data-e-type=\"widget\" data-widget_type=\"share-buttons.default\">\n\t\t\t\t<div class=\"elementor-widget-container\">\n\t\t\t\t\t\t\t<div class=\"elementor-grid\" role=\"list\">\n\t\t\t\t\t\t\t\t<div class=\"elementor-grid-item\" role=\"listitem\">\n\t\t\t\t\t\t<div class=\"elementor-share-btn elementor-share-btn_whatsapp\" role=\"button\" tabindex=\"0\" aria-label=\"Share on whatsapp\">\n\t\t\t\t\t\t\t\t\t\t\t\t\t\t\t<span class=\"elementor-share-btn__icon\">\n\t\t\t\t\t\t\t\t<i class=\"fab fa-whatsapp\" aria-hidden=\"true\"><\/i>\t\t\t\t\t\t\t<\/span>\n\t\t\t\t\t\t\t\t\t\t\t\t\t\t\t\t\t\t\t\t\t\t<div class=\"elementor-share-btn__text\">\n\t\t\t\t\t\t\t\t\t\t\t\t\t\t\t\t\t\t\t<span class=\"elementor-share-btn__title\">\n\t\t\t\t\t\t\t\t\t\tWhatsApp\t\t\t\t\t\t\t\t\t<\/span>\n\t\t\t\t\t\t\t\t\t\t\t\t\t\t\t\t\t<\/div>\n\t\t\t\t\t\t\t\t\t\t\t\t\t<\/div>\n\t\t\t\t\t<\/div>\n\t\t\t\t\t\t\t\t\t<div class=\"elementor-grid-item\" role=\"listitem\">\n\t\t\t\t\t\t<div class=\"elementor-share-btn elementor-share-btn_telegram\" role=\"button\" tabindex=\"0\" aria-label=\"Share on telegram\">\n\t\t\t\t\t\t\t\t\t\t\t\t\t\t\t<span class=\"elementor-share-btn__icon\">\n\t\t\t\t\t\t\t\t<i class=\"fab fa-telegram\" aria-hidden=\"true\"><\/i>\t\t\t\t\t\t\t<\/span>\n\t\t\t\t\t\t\t\t\t\t\t\t\t\t\t\t\t\t\t\t\t\t<div class=\"elementor-share-btn__text\">\n\t\t\t\t\t\t\t\t\t\t\t\t\t\t\t\t\t\t\t<span class=\"elementor-share-btn__title\">\n\t\t\t\t\t\t\t\t\t\tTelegram\t\t\t\t\t\t\t\t\t<\/span>\n\t\t\t\t\t\t\t\t\t\t\t\t\t\t\t\t\t<\/div>\n\t\t\t\t\t\t\t\t\t\t\t\t\t<\/div>\n\t\t\t\t\t<\/div>\n\t\t\t\t\t\t\t\t\t<div class=\"elementor-grid-item\" role=\"listitem\">\n\t\t\t\t\t\t<div class=\"elementor-share-btn elementor-share-btn_facebook\" role=\"button\" tabindex=\"0\" aria-label=\"Share on facebook\">\n\t\t\t\t\t\t\t\t\t\t\t\t\t\t\t<span class=\"elementor-share-btn__icon\">\n\t\t\t\t\t\t\t\t<i class=\"fab fa-facebook\" aria-hidden=\"true\"><\/i>\t\t\t\t\t\t\t<\/span>\n\t\t\t\t\t\t\t\t\t\t\t\t\t\t\t\t\t\t\t\t\t\t<div class=\"elementor-share-btn__text\">\n\t\t\t\t\t\t\t\t\t\t\t\t\t\t\t\t\t\t\t<span class=\"elementor-share-btn__title\">\n\t\t\t\t\t\t\t\t\t\tFacebook\t\t\t\t\t\t\t\t\t<\/span>\n\t\t\t\t\t\t\t\t\t\t\t\t\t\t\t\t\t<\/div>\n\t\t\t\t\t\t\t\t\t\t\t\t\t<\/div>\n\t\t\t\t\t<\/div>\n\t\t\t\t\t\t\t\t\t<div class=\"elementor-grid-item\" role=\"listitem\">\n\t\t\t\t\t\t<div class=\"elementor-share-btn elementor-share-btn_linkedin\" role=\"button\" tabindex=\"0\" aria-label=\"Share on linkedin\">\n\t\t\t\t\t\t\t\t\t\t\t\t\t\t\t<span class=\"elementor-share-btn__icon\">\n\t\t\t\t\t\t\t\t<i class=\"fab fa-linkedin\" aria-hidden=\"true\"><\/i>\t\t\t\t\t\t\t<\/span>\n\t\t\t\t\t\t\t\t\t\t\t\t\t\t\t\t\t\t\t\t\t\t<div class=\"elementor-share-btn__text\">\n\t\t\t\t\t\t\t\t\t\t\t\t\t\t\t\t\t\t\t<span class=\"elementor-share-btn__title\">\n\t\t\t\t\t\t\t\t\t\tLinkedIn\t\t\t\t\t\t\t\t\t<\/span>\n\t\t\t\t\t\t\t\t\t\t\t\t\t\t\t\t\t<\/div>\n\t\t\t\t\t\t\t\t\t\t\t\t\t<\/div>\n\t\t\t\t\t<\/div>\n\t\t\t\t\t\t\t\t\t<div class=\"elementor-grid-item\" role=\"listitem\">\n\t\t\t\t\t\t<div class=\"elementor-share-btn elementor-share-btn_email\" role=\"button\" tabindex=\"0\" aria-label=\"Share on email\">\n\t\t\t\t\t\t\t\t\t\t\t\t\t\t\t<span class=\"elementor-share-btn__icon\">\n\t\t\t\t\t\t\t\t<i class=\"fas fa-envelope\" aria-hidden=\"true\"><\/i>\t\t\t\t\t\t\t<\/span>\n\t\t\t\t\t\t\t\t\t\t\t\t\t\t\t\t\t\t\t\t\t\t<div class=\"elementor-share-btn__text\">\n\t\t\t\t\t\t\t\t\t\t\t\t\t\t\t\t\t\t\t<span class=\"elementor-share-btn__title\">\n\t\t\t\t\t\t\t\t\t\tEmail\t\t\t\t\t\t\t\t\t<\/span>\n\t\t\t\t\t\t\t\t\t\t\t\t\t\t\t\t\t<\/div>\n\t\t\t\t\t\t\t\t\t\t\t\t\t<\/div>\n\t\t\t\t\t<\/div>\n\t\t\t\t\t\t<\/div>\n\t\t\t\t\t\t<\/div>\n\t\t\t\t<\/div>\n\t\t\t\t\t<\/div>\n\t\t<\/div>\n\t\t\t\t\t<\/div>\n\t\t<\/section>\n\t\t\t\t\t<\/div>\n\t\t<\/div>\n\t\t\t\t\t<\/div>\n\t\t<\/section>\n\t\t\t\t<section class=\"elementor-section elementor-top-section elementor-element elementor-element-18a0c26 elementor-section-height-min-height elementor-section-stretched elementor-section-full_width elementor-section-items-bottom elementor-section-height-default\" data-id=\"18a0c26\" data-element_type=\"section\" data-e-type=\"section\" data-settings=\"{&quot;stretch_section&quot;:&quot;section-stretched&quot;,&quot;background_background&quot;:&quot;classic&quot;}\">\n\t\t\t\t\t\t<div class=\"elementor-container elementor-column-gap-default\">\n\t\t\t\t\t<div class=\"elementor-column elementor-col-100 elementor-top-column elementor-element elementor-element-f4d027d\" data-id=\"f4d027d\" data-element_type=\"column\" data-e-type=\"column\">\n\t\t\t<div class=\"elementor-widget-wrap elementor-element-populated\">\n\t\t\t\t\t\t<div class=\"elementor-element elementor-element-905268f elementor-invisible elementor-widget elementor-widget-heading\" data-id=\"905268f\" data-element_type=\"widget\" data-e-type=\"widget\" data-settings=\"{&quot;_animation&quot;:&quot;fadeIn&quot;,&quot;_animation_delay&quot;:&quot;400&quot;}\" data-widget_type=\"heading.default\">\n\t\t\t\t<div class=\"elementor-widget-container\">\n\t\t\t\t\t<h1 class=\"elementor-heading-title elementor-size-default\">Abra uma garrafa<\/h1>\t\t\t\t<\/div>\n\t\t\t\t<\/div>\n\t\t\t\t<div class=\"elementor-element elementor-element-ed06c71 elementor-invisible elementor-widget elementor-widget-button\" data-id=\"ed06c71\" data-element_type=\"widget\" data-e-type=\"widget\" data-settings=\"{&quot;_animation&quot;:&quot;fadeIn&quot;,&quot;_animation_delay&quot;:&quot;600&quot;}\" data-widget_type=\"button.default\">\n\t\t\t\t<div class=\"elementor-widget-container\">\n\t\t\t\t\t\t\t\t\t<div class=\"elementor-button-wrapper\">\n\t\t\t\t\t<a class=\"elementor-button elementor-button-link elementor-size-sm elementor-animation-grow\" href=\"https:\/\/quintadopacowinery.pt\/pt\/wines\/\">\n\t\t\t\t\t\t<span class=\"elementor-button-content-wrapper\">\n\t\t\t\t\t\t<span class=\"elementor-button-icon\">\n\t\t\t\t<i aria-hidden=\"true\" class=\"fas fa-arrow-right\"><\/i>\t\t\t<\/span>\n\t\t\t\t\t\t\t\t\t<span class=\"elementor-button-text\">Loja online<\/span>\n\t\t\t\t\t<\/span>\n\t\t\t\t\t<\/a>\n\t\t\t\t<\/div>\n\t\t\t\t\t\t\t\t<\/div>\n\t\t\t\t<\/div>\n\t\t\t\t\t<\/div>\n\t\t<\/div>\n\t\t\t\t\t<\/div>\n\t\t<\/section>\n\t\t\t\t<\/div>","protected":false},"excerpt":{"rendered":"<p>If there is anything better than a warm summer afternoon, it is being able to enjoy it with friends, good music and, of course, a<\/p>","protected":false},"author":2,"featured_media":2908,"comment_status":"closed","ping_status":"open","sticky":false,"template":"","format":"standard","meta":{"footnotes":""},"categories":[28],"tags":[33],"class_list":["post-2920","post","type-post","status-publish","format-standard","has-post-thumbnail","hentry","category-paco-news","tag-awards"],"yoast_head":"<!-- This site is optimized with the Yoast SEO plugin v27.5 - https:\/\/yoast.com\/product\/yoast-seo-wordpress\/ -->\n<title>A Toast to Summer: Sunset, Laughter and ANA WINES at Quinta do Casal da Silva - Quinta do Pa\u00e7o<\/title>\n<meta name=\"description\" content=\"Sunset, Laughter and ANA WINES at Quinta do Casal da Silva and the new Vinho Verde ANA Ros\u00e9\" \/>\n<meta name=\"robots\" content=\"index, follow, max-snippet:-1, max-image-preview:large, max-video-preview:-1\" \/>\n<link rel=\"canonical\" href=\"https:\/\/quintadopacowinery.pt\/pt\/a-toast-to-summer-sunset-laughter-and-ana-wines-at-quinta-do-casal-da-silva\/\" \/>\n<meta property=\"og:locale\" content=\"pt_PT\" \/>\n<meta property=\"og:type\" content=\"article\" \/>\n<meta property=\"og:title\" content=\"A Toast to Summer: Sunset, Laughter and ANA WINES at Quinta do Casal da Silva - Quinta do Pa\u00e7o\" \/>\n<meta property=\"og:description\" content=\"Sunset, Laughter and ANA WINES at Quinta do Casal da Silva and the new Vinho Verde ANA Ros\u00e9\" \/>\n<meta property=\"og:url\" content=\"https:\/\/quintadopacowinery.pt\/pt\/a-toast-to-summer-sunset-laughter-and-ana-wines-at-quinta-do-casal-da-silva\/\" \/>\n<meta property=\"og:site_name\" content=\"Quinta do Pa\u00e7o\" \/>\n<meta property=\"article:published_time\" content=\"2025-08-04T18:20:58+00:00\" \/>\n<meta property=\"article:modified_time\" content=\"2025-08-14T09:25:24+00:00\" \/>\n<meta property=\"og:image\" content=\"https:\/\/quintadopacowinery.pt\/wp-content\/uploads\/2025\/08\/Quinta-do-Paco-ANA-wines-at-Quinta-Casal-da-Silva-sunset--scaled.jpg\" \/>\n\t<meta property=\"og:image:width\" content=\"1920\" \/>\n\t<meta property=\"og:image:height\" content=\"2560\" \/>\n\t<meta property=\"og:image:type\" content=\"image\/jpeg\" \/>\n<meta name=\"author\" content=\"Francisco\" \/>\n<meta name=\"twitter:card\" content=\"summary_large_image\" \/>\n<meta name=\"twitter:label1\" content=\"Escrito por\" \/>\n\t<meta name=\"twitter:data1\" content=\"Francisco\" \/>\n\t<meta name=\"twitter:label2\" content=\"Tempo estimado de leitura\" \/>\n\t<meta name=\"twitter:data2\" content=\"3 minutos\" \/>\n<script type=\"application\/ld+json\" class=\"yoast-schema-graph\">{\"@context\":\"https:\\\/\\\/schema.org\",\"@graph\":[{\"@type\":\"Article\",\"@id\":\"https:\\\/\\\/quintadopacowinery.pt\\\/a-toast-to-summer-sunset-laughter-and-ana-wines-at-quinta-do-casal-da-silva\\\/#article\",\"isPartOf\":{\"@id\":\"https:\\\/\\\/quintadopacowinery.pt\\\/a-toast-to-summer-sunset-laughter-and-ana-wines-at-quinta-do-casal-da-silva\\\/\"},\"author\":{\"name\":\"Francisco\",\"@id\":\"https:\\\/\\\/quintadopacowinery.pt\\\/#\\\/schema\\\/person\\\/f51884868ed9899c653ccd086500d9dc\"},\"headline\":\"A Toast to Summer: Sunset, Laughter and ANA WINES at Quinta do Casal da Silva\",\"datePublished\":\"2025-08-04T18:20:58+00:00\",\"dateModified\":\"2025-08-14T09:25:24+00:00\",\"mainEntityOfPage\":{\"@id\":\"https:\\\/\\\/quintadopacowinery.pt\\\/a-toast-to-summer-sunset-laughter-and-ana-wines-at-quinta-do-casal-da-silva\\\/\"},\"wordCount\":446,\"publisher\":{\"@id\":\"https:\\\/\\\/quintadopacowinery.pt\\\/#organization\"},\"image\":{\"@id\":\"https:\\\/\\\/quintadopacowinery.pt\\\/a-toast-to-summer-sunset-laughter-and-ana-wines-at-quinta-do-casal-da-silva\\\/#primaryimage\"},\"thumbnailUrl\":\"https:\\\/\\\/quintadopacowinery.pt\\\/wp-content\\\/uploads\\\/2025\\\/08\\\/Quinta-do-Paco-ANA-wines-at-Quinta-Casal-da-Silva-sunset--scaled.jpg\",\"keywords\":[\"Awards\"],\"articleSection\":[\"Pa\u00e7o News\"],\"inLanguage\":\"pt-PT\"},{\"@type\":\"WebPage\",\"@id\":\"https:\\\/\\\/quintadopacowinery.pt\\\/a-toast-to-summer-sunset-laughter-and-ana-wines-at-quinta-do-casal-da-silva\\\/\",\"url\":\"https:\\\/\\\/quintadopacowinery.pt\\\/a-toast-to-summer-sunset-laughter-and-ana-wines-at-quinta-do-casal-da-silva\\\/\",\"name\":\"A Toast to Summer: Sunset, Laughter and ANA WINES at Quinta do Casal da Silva - Quinta do Pa\u00e7o\",\"isPartOf\":{\"@id\":\"https:\\\/\\\/quintadopacowinery.pt\\\/#website\"},\"primaryImageOfPage\":{\"@id\":\"https:\\\/\\\/quintadopacowinery.pt\\\/a-toast-to-summer-sunset-laughter-and-ana-wines-at-quinta-do-casal-da-silva\\\/#primaryimage\"},\"image\":{\"@id\":\"https:\\\/\\\/quintadopacowinery.pt\\\/a-toast-to-summer-sunset-laughter-and-ana-wines-at-quinta-do-casal-da-silva\\\/#primaryimage\"},\"thumbnailUrl\":\"https:\\\/\\\/quintadopacowinery.pt\\\/wp-content\\\/uploads\\\/2025\\\/08\\\/Quinta-do-Paco-ANA-wines-at-Quinta-Casal-da-Silva-sunset--scaled.jpg\",\"datePublished\":\"2025-08-04T18:20:58+00:00\",\"dateModified\":\"2025-08-14T09:25:24+00:00\",\"description\":\"Sunset, Laughter and ANA WINES at Quinta do Casal da Silva and the new Vinho Verde ANA Ros\u00e9\",\"breadcrumb\":{\"@id\":\"https:\\\/\\\/quintadopacowinery.pt\\\/a-toast-to-summer-sunset-laughter-and-ana-wines-at-quinta-do-casal-da-silva\\\/#breadcrumb\"},\"inLanguage\":\"pt-PT\",\"potentialAction\":[{\"@type\":\"ReadAction\",\"target\":[\"https:\\\/\\\/quintadopacowinery.pt\\\/a-toast-to-summer-sunset-laughter-and-ana-wines-at-quinta-do-casal-da-silva\\\/\"]}]},{\"@type\":\"ImageObject\",\"inLanguage\":\"pt-PT\",\"@id\":\"https:\\\/\\\/quintadopacowinery.pt\\\/a-toast-to-summer-sunset-laughter-and-ana-wines-at-quinta-do-casal-da-silva\\\/#primaryimage\",\"url\":\"https:\\\/\\\/quintadopacowinery.pt\\\/wp-content\\\/uploads\\\/2025\\\/08\\\/Quinta-do-Paco-ANA-wines-at-Quinta-Casal-da-Silva-sunset--scaled.jpg\",\"contentUrl\":\"https:\\\/\\\/quintadopacowinery.pt\\\/wp-content\\\/uploads\\\/2025\\\/08\\\/Quinta-do-Paco-ANA-wines-at-Quinta-Casal-da-Silva-sunset--scaled.jpg\",\"width\":1920,\"height\":2560},{\"@type\":\"BreadcrumbList\",\"@id\":\"https:\\\/\\\/quintadopacowinery.pt\\\/a-toast-to-summer-sunset-laughter-and-ana-wines-at-quinta-do-casal-da-silva\\\/#breadcrumb\",\"itemListElement\":[{\"@type\":\"ListItem\",\"position\":1,\"name\":\"Home\",\"item\":\"https:\\\/\\\/quintadopacowinery.pt\\\/\"},{\"@type\":\"ListItem\",\"position\":2,\"name\":\"A Toast to Summer: Sunset, Laughter and ANA WINES at Quinta do Casal da Silva\"}]},{\"@type\":\"WebSite\",\"@id\":\"https:\\\/\\\/quintadopacowinery.pt\\\/#website\",\"url\":\"https:\\\/\\\/quintadopacowinery.pt\\\/\",\"name\":\"Quinta do Pa\u00e7o\",\"description\":\"Winery\",\"publisher\":{\"@id\":\"https:\\\/\\\/quintadopacowinery.pt\\\/#organization\"},\"potentialAction\":[{\"@type\":\"SearchAction\",\"target\":{\"@type\":\"EntryPoint\",\"urlTemplate\":\"https:\\\/\\\/quintadopacowinery.pt\\\/?s={search_term_string}\"},\"query-input\":{\"@type\":\"PropertyValueSpecification\",\"valueRequired\":true,\"valueName\":\"search_term_string\"}}],\"inLanguage\":\"pt-PT\"},{\"@type\":\"Organization\",\"@id\":\"https:\\\/\\\/quintadopacowinery.pt\\\/#organization\",\"name\":\"Quinta do Pa\u00e7o\",\"url\":\"https:\\\/\\\/quintadopacowinery.pt\\\/\",\"logo\":{\"@type\":\"ImageObject\",\"inLanguage\":\"pt-PT\",\"@id\":\"https:\\\/\\\/quintadopacowinery.pt\\\/#\\\/schema\\\/logo\\\/image\\\/\",\"url\":\"https:\\\/\\\/quintadopacowinery.pt\\\/wp-content\\\/uploads\\\/2022\\\/12\\\/logo_quinta_paco.svg\",\"contentUrl\":\"https:\\\/\\\/quintadopacowinery.pt\\\/wp-content\\\/uploads\\\/2022\\\/12\\\/logo_quinta_paco.svg\",\"width\":267,\"height\":45,\"caption\":\"Quinta do Pa\u00e7o \"},\"image\":{\"@id\":\"https:\\\/\\\/quintadopacowinery.pt\\\/#\\\/schema\\\/logo\\\/image\\\/\"}},{\"@type\":\"Person\",\"@id\":\"https:\\\/\\\/quintadopacowinery.pt\\\/#\\\/schema\\\/person\\\/f51884868ed9899c653ccd086500d9dc\",\"name\":\"Francisco\",\"image\":{\"@type\":\"ImageObject\",\"inLanguage\":\"pt-PT\",\"@id\":\"https:\\\/\\\/secure.gravatar.com\\\/avatar\\\/b3a08ddd8065a53bad7d7da02c6bca3d801da6a2ee218150f03b7d976831a049?s=96&d=mm&r=g\",\"url\":\"https:\\\/\\\/secure.gravatar.com\\\/avatar\\\/b3a08ddd8065a53bad7d7da02c6bca3d801da6a2ee218150f03b7d976831a049?s=96&d=mm&r=g\",\"contentUrl\":\"https:\\\/\\\/secure.gravatar.com\\\/avatar\\\/b3a08ddd8065a53bad7d7da02c6bca3d801da6a2ee218150f03b7d976831a049?s=96&d=mm&r=g\",\"caption\":\"Francisco\"},\"url\":\"https:\\\/\\\/quintadopacowinery.pt\\\/pt\\\/author\\\/francisco\\\/\"}]}<\/script>\n<!-- \/ Yoast SEO plugin. -->","yoast_head_json":{"title":"A Toast to Summer: Sunset, Laughter and ANA WINES at Quinta do Casal da Silva - Quinta do Pa\u00e7o","description":"Sunset, Laughter and ANA WINES at Quinta do Casal da Silva and the new Vinho Verde ANA Ros\u00e9","robots":{"index":"index","follow":"follow","max-snippet":"max-snippet:-1","max-image-preview":"max-image-preview:large","max-video-preview":"max-video-preview:-1"},"canonical":"https:\/\/quintadopacowinery.pt\/pt\/a-toast-to-summer-sunset-laughter-and-ana-wines-at-quinta-do-casal-da-silva\/","og_locale":"pt_PT","og_type":"article","og_title":"A Toast to Summer: Sunset, Laughter and ANA WINES at Quinta do Casal da Silva - Quinta do Pa\u00e7o","og_description":"Sunset, Laughter and ANA WINES at Quinta do Casal da Silva and the new Vinho Verde ANA Ros\u00e9","og_url":"https:\/\/quintadopacowinery.pt\/pt\/a-toast-to-summer-sunset-laughter-and-ana-wines-at-quinta-do-casal-da-silva\/","og_site_name":"Quinta do Pa\u00e7o","article_published_time":"2025-08-04T18:20:58+00:00","article_modified_time":"2025-08-14T09:25:24+00:00","og_image":[{"width":1920,"height":2560,"url":"https:\/\/quintadopacowinery.pt\/wp-content\/uploads\/2025\/08\/Quinta-do-Paco-ANA-wines-at-Quinta-Casal-da-Silva-sunset--scaled.jpg","type":"image\/jpeg"}],"author":"Francisco","twitter_card":"summary_large_image","twitter_misc":{"Escrito por":"Francisco","Tempo estimado de leitura":"3 minutos"},"schema":{"@context":"https:\/\/schema.org","@graph":[{"@type":"Article","@id":"https:\/\/quintadopacowinery.pt\/a-toast-to-summer-sunset-laughter-and-ana-wines-at-quinta-do-casal-da-silva\/#article","isPartOf":{"@id":"https:\/\/quintadopacowinery.pt\/a-toast-to-summer-sunset-laughter-and-ana-wines-at-quinta-do-casal-da-silva\/"},"author":{"name":"Francisco","@id":"https:\/\/quintadopacowinery.pt\/#\/schema\/person\/f51884868ed9899c653ccd086500d9dc"},"headline":"A Toast to Summer: Sunset, Laughter and ANA WINES at Quinta do Casal da Silva","datePublished":"2025-08-04T18:20:58+00:00","dateModified":"2025-08-14T09:25:24+00:00","mainEntityOfPage":{"@id":"https:\/\/quintadopacowinery.pt\/a-toast-to-summer-sunset-laughter-and-ana-wines-at-quinta-do-casal-da-silva\/"},"wordCount":446,"publisher":{"@id":"https:\/\/quintadopacowinery.pt\/#organization"},"image":{"@id":"https:\/\/quintadopacowinery.pt\/a-toast-to-summer-sunset-laughter-and-ana-wines-at-quinta-do-casal-da-silva\/#primaryimage"},"thumbnailUrl":"https:\/\/quintadopacowinery.pt\/wp-content\/uploads\/2025\/08\/Quinta-do-Paco-ANA-wines-at-Quinta-Casal-da-Silva-sunset--scaled.jpg","keywords":["Awards"],"articleSection":["Pa\u00e7o News"],"inLanguage":"pt-PT"},{"@type":"WebPage","@id":"https:\/\/quintadopacowinery.pt\/a-toast-to-summer-sunset-laughter-and-ana-wines-at-quinta-do-casal-da-silva\/","url":"https:\/\/quintadopacowinery.pt\/a-toast-to-summer-sunset-laughter-and-ana-wines-at-quinta-do-casal-da-silva\/","name":"A Toast to Summer: Sunset, Laughter and ANA WINES at Quinta do Casal da Silva - Quinta do Pa\u00e7o","isPartOf":{"@id":"https:\/\/quintadopacowinery.pt\/#website"},"primaryImageOfPage":{"@id":"https:\/\/quintadopacowinery.pt\/a-toast-to-summer-sunset-laughter-and-ana-wines-at-quinta-do-casal-da-silva\/#primaryimage"},"image":{"@id":"https:\/\/quintadopacowinery.pt\/a-toast-to-summer-sunset-laughter-and-ana-wines-at-quinta-do-casal-da-silva\/#primaryimage"},"thumbnailUrl":"https:\/\/quintadopacowinery.pt\/wp-content\/uploads\/2025\/08\/Quinta-do-Paco-ANA-wines-at-Quinta-Casal-da-Silva-sunset--scaled.jpg","datePublished":"2025-08-04T18:20:58+00:00","dateModified":"2025-08-14T09:25:24+00:00","description":"Sunset, Laughter and ANA WINES at Quinta do Casal da Silva and the new Vinho Verde ANA Ros\u00e9","breadcrumb":{"@id":"https:\/\/quintadopacowinery.pt\/a-toast-to-summer-sunset-laughter-and-ana-wines-at-quinta-do-casal-da-silva\/#breadcrumb"},"inLanguage":"pt-PT","potentialAction":[{"@type":"ReadAction","target":["https:\/\/quintadopacowinery.pt\/a-toast-to-summer-sunset-laughter-and-ana-wines-at-quinta-do-casal-da-silva\/"]}]},{"@type":"ImageObject","inLanguage":"pt-PT","@id":"https:\/\/quintadopacowinery.pt\/a-toast-to-summer-sunset-laughter-and-ana-wines-at-quinta-do-casal-da-silva\/#primaryimage","url":"https:\/\/quintadopacowinery.pt\/wp-content\/uploads\/2025\/08\/Quinta-do-Paco-ANA-wines-at-Quinta-Casal-da-Silva-sunset--scaled.jpg","contentUrl":"https:\/\/quintadopacowinery.pt\/wp-content\/uploads\/2025\/08\/Quinta-do-Paco-ANA-wines-at-Quinta-Casal-da-Silva-sunset--scaled.jpg","width":1920,"height":2560},{"@type":"BreadcrumbList","@id":"https:\/\/quintadopacowinery.pt\/a-toast-to-summer-sunset-laughter-and-ana-wines-at-quinta-do-casal-da-silva\/#breadcrumb","itemListElement":[{"@type":"ListItem","position":1,"name":"Home","item":"https:\/\/quintadopacowinery.pt\/"},{"@type":"ListItem","position":2,"name":"A Toast to Summer: Sunset, Laughter and ANA WINES at Quinta do Casal da Silva"}]},{"@type":"WebSite","@id":"https:\/\/quintadopacowinery.pt\/#website","url":"https:\/\/quintadopacowinery.pt\/","name":"Quinta do Pa\u00e7o","description":"Winery","publisher":{"@id":"https:\/\/quintadopacowinery.pt\/#organization"},"potentialAction":[{"@type":"SearchAction","target":{"@type":"EntryPoint","urlTemplate":"https:\/\/quintadopacowinery.pt\/?s={search_term_string}"},"query-input":{"@type":"PropertyValueSpecification","valueRequired":true,"valueName":"search_term_string"}}],"inLanguage":"pt-PT"},{"@type":"Organization","@id":"https:\/\/quintadopacowinery.pt\/#organization","name":"Quinta do Pa\u00e7o","url":"https:\/\/quintadopacowinery.pt\/","logo":{"@type":"ImageObject","inLanguage":"pt-PT","@id":"https:\/\/quintadopacowinery.pt\/#\/schema\/logo\/image\/","url":"https:\/\/quintadopacowinery.pt\/wp-content\/uploads\/2022\/12\/logo_quinta_paco.svg","contentUrl":"https:\/\/quintadopacowinery.pt\/wp-content\/uploads\/2022\/12\/logo_quinta_paco.svg","width":267,"height":45,"caption":"Quinta do Pa\u00e7o "},"image":{"@id":"https:\/\/quintadopacowinery.pt\/#\/schema\/logo\/image\/"}},{"@type":"Person","@id":"https:\/\/quintadopacowinery.pt\/#\/schema\/person\/f51884868ed9899c653ccd086500d9dc","name":"Francisco","image":{"@type":"ImageObject","inLanguage":"pt-PT","@id":"https:\/\/secure.gravatar.com\/avatar\/b3a08ddd8065a53bad7d7da02c6bca3d801da6a2ee218150f03b7d976831a049?s=96&d=mm&r=g","url":"https:\/\/secure.gravatar.com\/avatar\/b3a08ddd8065a53bad7d7da02c6bca3d801da6a2ee218150f03b7d976831a049?s=96&d=mm&r=g","contentUrl":"https:\/\/secure.gravatar.com\/avatar\/b3a08ddd8065a53bad7d7da02c6bca3d801da6a2ee218150f03b7d976831a049?s=96&d=mm&r=g","caption":"Francisco"},"url":"https:\/\/quintadopacowinery.pt\/pt\/author\/francisco\/"}]}},"_links":{"self":[{"href":"https:\/\/quintadopacowinery.pt\/pt\/wp-json\/wp\/v2\/posts\/2920","targetHints":{"allow":["GET"]}}],"collection":[{"href":"https:\/\/quintadopacowinery.pt\/pt\/wp-json\/wp\/v2\/posts"}],"about":[{"href":"https:\/\/quintadopacowinery.pt\/pt\/wp-json\/wp\/v2\/types\/post"}],"author":[{"embeddable":true,"href":"https:\/\/quintadopacowinery.pt\/pt\/wp-json\/wp\/v2\/users\/2"}],"replies":[{"embeddable":true,"href":"https:\/\/quintadopacowinery.pt\/pt\/wp-json\/wp\/v2\/comments?post=2920"}],"version-history":[{"count":5,"href":"https:\/\/quintadopacowinery.pt\/pt\/wp-json\/wp\/v2\/posts\/2920\/revisions"}],"predecessor-version":[{"id":2937,"href":"https:\/\/quintadopacowinery.pt\/pt\/wp-json\/wp\/v2\/posts\/2920\/revisions\/2937"}],"wp:featuredmedia":[{"embeddable":true,"href":"https:\/\/quintadopacowinery.pt\/pt\/wp-json\/wp\/v2\/media\/2908"}],"wp:attachment":[{"href":"https:\/\/quintadopacowinery.pt\/pt\/wp-json\/wp\/v2\/media?parent=2920"}],"wp:term":[{"taxonomy":"category","embeddable":true,"href":"https:\/\/quintadopacowinery.pt\/pt\/wp-json\/wp\/v2\/categories?post=2920"},{"taxonomy":"post_tag","embeddable":true,"href":"https:\/\/quintadopacowinery.pt\/pt\/wp-json\/wp\/v2\/tags?post=2920"}],"curies":[{"name":"wp","href":"https:\/\/api.w.org\/{rel}","templated":true}]}}