{"id":2820,"date":"2025-03-14T18:20:58","date_gmt":"2025-03-14T18:20:58","guid":{"rendered":"https:\/\/quintadopacowinery.pt\/?p=2820"},"modified":"2025-04-08T14:36:26","modified_gmt":"2025-04-08T14:36:26","slug":"quinta-do-pacos-minha-mae-ana-wines-shine-at-mundus-vini-2025-a-connoisseurs-delight","status":"publish","type":"post","link":"https:\/\/quintadopacowinery.pt\/pt\/quinta-do-pacos-minha-mae-ana-wines-shine-at-mundus-vini-2025-a-connoisseurs-delight\/","title":{"rendered":"Os vinhos Minha M\u00e3e Ana da Quinta do Pa\u00e7o brilham no Mundus Vini 2025: um regalo para os apreciadores"},"content":{"rendered":"<div data-elementor-type=\"wp-post\" data-elementor-id=\"2820\" class=\"elementor elementor-2820\" data-elementor-post-type=\"post\">\n\t\t\t\t\t\t<section class=\"elementor-section elementor-top-section elementor-element elementor-element-4dc0fa6 elementor-section-height-min-height elementor-section-stretched elementor-section-full_width elementor-section-items-bottom elementor-section-height-default\" data-id=\"4dc0fa6\" data-element_type=\"section\" data-e-type=\"section\" data-settings=\"{&quot;stretch_section&quot;:&quot;section-stretched&quot;,&quot;background_background&quot;:&quot;classic&quot;}\">\n\t\t\t\t\t\t<div class=\"elementor-container elementor-column-gap-default\">\n\t\t\t\t\t<div class=\"elementor-column elementor-col-100 elementor-top-column elementor-element elementor-element-389cd35\" data-id=\"389cd35\" data-element_type=\"column\" data-e-type=\"column\">\n\t\t\t<div class=\"elementor-widget-wrap\">\n\t\t\t\t\t\t\t<\/div>\n\t\t<\/div>\n\t\t\t\t\t<\/div>\n\t\t<\/section>\n\t\t\t\t<section class=\"elementor-section elementor-top-section elementor-element elementor-element-421cbc0 elementor-section-content-top elementor-section-boxed elementor-section-height-default elementor-section-height-default\" data-id=\"421cbc0\" data-element_type=\"section\" data-e-type=\"section\">\n\t\t\t\t\t\t<div class=\"elementor-container elementor-column-gap-no\">\n\t\t\t\t\t<div class=\"elementor-column elementor-col-66 elementor-top-column elementor-element elementor-element-d2382af\" data-id=\"d2382af\" data-element_type=\"column\" data-e-type=\"column\">\n\t\t\t<div class=\"elementor-widget-wrap elementor-element-populated\">\n\t\t\t\t\t\t<div class=\"elementor-element elementor-element-225bbe0 elementor-widget elementor-widget-heading\" data-id=\"225bbe0\" data-element_type=\"widget\" data-e-type=\"widget\" data-widget_type=\"heading.default\">\n\t\t\t\t<div class=\"elementor-widget-container\">\n\t\t\t\t\t<h1 class=\"elementor-heading-title elementor-size-default\">Os vinhos Minha M\u00e3e Ana da Quinta do Pa\u00e7o brilham no Mundus Vini 2025: um regalo para os apreciadores<\/h1>\t\t\t\t<\/div>\n\t\t\t\t<\/div>\n\t\t\t\t<div class=\"elementor-element elementor-element-a01fa25 elementor-widget elementor-widget-image\" data-id=\"a01fa25\" data-element_type=\"widget\" data-e-type=\"widget\" data-widget_type=\"image.default\">\n\t\t\t\t<div class=\"elementor-widget-container\">\n\t\t\t\t\t\t\t\t\t\t\t\t\t\t\t<img fetchpriority=\"high\" decoding=\"async\" width=\"1600\" height=\"900\" src=\"https:\/\/quintadopacowinery.pt\/wp-content\/uploads\/2025\/03\/quinta-do-paco-minha-mae-ana-vinho-verde-mundis-vini-2025-award.jpg\" class=\"attachment-full size-full wp-image-2816\" alt=\"\" srcset=\"https:\/\/quintadopacowinery.pt\/wp-content\/uploads\/2025\/03\/quinta-do-paco-minha-mae-ana-vinho-verde-mundis-vini-2025-award.jpg 1600w, https:\/\/quintadopacowinery.pt\/wp-content\/uploads\/2025\/03\/quinta-do-paco-minha-mae-ana-vinho-verde-mundis-vini-2025-award-300x169.jpg 300w, https:\/\/quintadopacowinery.pt\/wp-content\/uploads\/2025\/03\/quinta-do-paco-minha-mae-ana-vinho-verde-mundis-vini-2025-award-1024x576.jpg 1024w, https:\/\/quintadopacowinery.pt\/wp-content\/uploads\/2025\/03\/quinta-do-paco-minha-mae-ana-vinho-verde-mundis-vini-2025-award-768x432.jpg 768w, https:\/\/quintadopacowinery.pt\/wp-content\/uploads\/2025\/03\/quinta-do-paco-minha-mae-ana-vinho-verde-mundis-vini-2025-award-1536x864.jpg 1536w, https:\/\/quintadopacowinery.pt\/wp-content\/uploads\/2025\/03\/quinta-do-paco-minha-mae-ana-vinho-verde-mundis-vini-2025-award-18x10.jpg 18w\" sizes=\"(max-width: 1600px) 100vw, 1600px\" \/>\t\t\t\t\t\t\t\t\t\t\t\t\t\t\t<\/div>\n\t\t\t\t<\/div>\n\t\t\t\t<div class=\"elementor-element elementor-element-cdbc302 elementor-widget elementor-widget-text-editor\" data-id=\"cdbc302\" data-element_type=\"widget\" data-e-type=\"widget\" data-widget_type=\"text-editor.default\">\n\t\t\t\t<div class=\"elementor-widget-container\">\n\t\t\t\t\t\t\t\t\t<h2><span style=\"font-weight: 400;\">Descubra o melhor Vinho Verde de Portugal, distinguido com prestigiados pr\u00e9mios<\/span><\/h2>\t\t\t\t\t\t\t\t<\/div>\n\t\t\t\t<\/div>\n\t\t\t\t<div class=\"elementor-element elementor-element-57c3278 elementor-widget elementor-widget-text-editor\" data-id=\"57c3278\" data-element_type=\"widget\" data-e-type=\"widget\" data-widget_type=\"text-editor.default\">\n\t\t\t\t<div class=\"elementor-widget-container\">\n\t\t\t\t\t\t\t\t\t<p><span style=\"font-weight: 400;\">Para os apreciadores de vinhos que procuram os melhores e mais distintos vinhos, os vinhos Minha M\u00e3e Ana da Quinta do Pa\u00e7o t\u00eam-se afirmado como uma verdadeira preciosidade. Recentemente, o nosso vinho Minha M\u00e3e Ana Premium 2024 foi distinguido como o Melhor Vinho Verde 2025 nos prestigiados Pr\u00e9mios Mundus Vini, solidificando a sua posi\u00e7\u00e3o entre os vinhos de refer\u00eancia a n\u00edvel internacional.<\/span><\/p>\t\t\t\t\t\t\t\t<\/div>\n\t\t\t\t<\/div>\n\t\t\t\t<div class=\"elementor-element elementor-element-6a23935 elementor-widget elementor-widget-text-editor\" data-id=\"6a23935\" data-element_type=\"widget\" data-e-type=\"widget\" data-widget_type=\"text-editor.default\">\n\t\t\t\t<div class=\"elementor-widget-container\">\n\t\t\t\t\t\t\t\t\t<p><span style=\"font-weight: 400;\">Um sabor de excel\u00eancia portuguesa<\/span><\/p>\t\t\t\t\t\t\t\t<\/div>\n\t\t\t\t<\/div>\n\t\t\t\t<div class=\"elementor-element elementor-element-5088096 elementor-widget elementor-widget-text-editor\" data-id=\"5088096\" data-element_type=\"widget\" data-e-type=\"widget\" data-widget_type=\"text-editor.default\">\n\t\t\t\t<div class=\"elementor-widget-container\">\n\t\t\t\t\t\t\t\t\t<p><span style=\"color: #333333;\">O Minha M\u00e3e Ana Premium 2024 incorpora a ess\u00eancia do Vinho Verde, conhecido pela sua acidez vincada, sabores de fruta vibrantes e efervesc\u00eancia fina. Esta colheita excecional mostra o terroir \u00fanico da regi\u00e3o dos Vinhos Verdes, conhecido pela sua vitalidade jovem e carater\u00edsticas refrescantes.<\/span><\/p><p><span style=\"color: #333333;\">Mas o m\u00e9rito n\u00e3o se fica por aqui. O Minha M\u00e3e Ana Arinto, da Quinta do Pa\u00e7o, foi tamb\u00e9m galardoado com uma prestigiada medalha de Ouro no Mundus Vini, cimentando ainda mais a reputa\u00e7\u00e3o da adega na produ\u00e7\u00e3o de vinhos de excel\u00eancia.<\/span><\/p>\t\t\t\t\t\t\t\t<\/div>\n\t\t\t\t<\/div>\n\t\t\t\t<div class=\"elementor-element elementor-element-491b490 elementor-widget elementor-widget-text-editor\" data-id=\"491b490\" data-element_type=\"widget\" data-e-type=\"widget\" data-widget_type=\"text-editor.default\">\n\t\t\t\t<div class=\"elementor-widget-container\">\n\t\t\t\t\t\t\t\t\t<p><span style=\"font-weight: 400;\">Porque \u00e9 que os conhecedores devem prestar aten\u00e7\u00e3o<\/span><\/p>\t\t\t\t\t\t\t\t<\/div>\n\t\t\t\t<\/div>\n\t\t\t\t<div class=\"elementor-element elementor-element-ef0a64e elementor-widget elementor-widget-text-editor\" data-id=\"ef0a64e\" data-element_type=\"widget\" data-e-type=\"widget\" data-widget_type=\"text-editor.default\">\n\t\t\t\t<div class=\"elementor-widget-container\">\n\t\t\t\t\t\t\t\t\t<p><span style=\"font-weight: 400;\">Para aqueles que apreciam as subtilezas de um bom vinho, os vinhos Minha M\u00e3e Ana da Quinta do Pa\u00e7o oferecem uma excelente oportunidade para explorar o melhor da produ\u00e7\u00e3o vin\u00edcola portuguesa:<\/span><\/p><ol><li style=\"font-weight: 400;\" aria-level=\"1\"><span style=\"font-weight: 400;\">Frescura inigual\u00e1vel: O Vinho Verde \u00e9 conhecido pela sua acidez viva e car\u00e1cter leve e refrescante - perfeito para ser apreciado em tempo quente.<\/span><p>\u00a0<\/p><\/li><li style=\"font-weight: 400;\" aria-level=\"1\"><span style=\"font-weight: 400;\">Castas \u00fanicas: A casta Arinto, presente no vinho premiado com a medalha de ouro, oferece uma deliciosa combina\u00e7\u00e3o de notas c\u00edtricas e complexidade mineral.<\/span><p>\u00a0<\/p><\/li><li style=\"font-weight: 400;\" aria-level=\"1\"><span style=\"font-weight: 400;\">Gastronomia: Estes vinhos combinam lindamente com uma variedade de pratos, desde marisco fresco a saladas ligeiras - ideais para uma experi\u00eancia gastron\u00f3mica sofisticada.<\/span><p>\u00a0<\/p><\/li><li style=\"font-weight: 400;\" aria-level=\"1\"><span style=\"font-weight: 400;\">Qualidade premiada: O reconhecimento da Mundus Vini garante-lhe uma qualidade excecional em cada garrafa.<\/span><\/li><\/ol>\t\t\t\t\t\t\t\t<\/div>\n\t\t\t\t<\/div>\n\t\t\t\t<div class=\"elementor-element elementor-element-98560a7 elementor-widget elementor-widget-text-editor\" data-id=\"98560a7\" data-element_type=\"widget\" data-e-type=\"widget\" data-widget_type=\"text-editor.default\">\n\t\t\t\t<div class=\"elementor-widget-container\">\n\t\t\t\t\t\t\t\t\t<p><span style=\"font-weight: 400;\">Dispon\u00edvel para os conhecedores de todo o mundo<\/span><\/p>\t\t\t\t\t\t\t\t<\/div>\n\t\t\t\t<\/div>\n\t\t\t\t<div class=\"elementor-element elementor-element-faa35f9 elementor-widget elementor-widget-text-editor\" data-id=\"faa35f9\" data-element_type=\"widget\" data-e-type=\"widget\" data-widget_type=\"text-editor.default\">\n\t\t\t\t<div class=\"elementor-widget-container\">\n\t\t\t\t\t\t\t\t\t<p><span style=\"color: #333333;\"><span style=\"font-weight: 400;\">A boa not\u00edcia para os apreciadores de vinho \u00e9 que os vinhos Minha M\u00e3e Ana da Quinta do Pa\u00e7o est\u00e3o dispon\u00edveis para quem quiser experimentar o melhor do Vinho Verde<\/span><span style=\"font-weight: 400;\">. Quer seja um conhecedor experiente ou esteja simplesmente \u00e0 procura de expandir o seu paladar, estes vinhos oferecem uma viagem emocionante ao mundo dos vinhos portugueses de qualidade superior.<\/span><\/span><\/p><p><span style=\"font-weight: 400;\">Deixe-se encantar pelos sabores frescos e vibrantes do melhor Vinho Verde de Portugal e desfrute dos vinhos Minha M\u00e3e Ana da Quinta do Pa\u00e7o - uma verdadeira experi\u00eancia gustativa que far\u00e1 as del\u00edcias dos paladares mais exigentes.<\/span><\/p>\t\t\t\t\t\t\t\t<\/div>\n\t\t\t\t<\/div>\n\t\t\t\t<div class=\"elementor-element elementor-element-c792af3 elementor-widget elementor-widget-image\" data-id=\"c792af3\" data-element_type=\"widget\" data-e-type=\"widget\" data-widget_type=\"image.default\">\n\t\t\t\t<div class=\"elementor-widget-container\">\n\t\t\t\t\t\t\t\t\t\t\t\t<figure class=\"wp-caption\">\n\t\t\t\t\t\t\t\t\t\t<img decoding=\"async\" width=\"800\" height=\"534\" src=\"https:\/\/quintadopacowinery.pt\/wp-content\/uploads\/2025\/03\/Mundus-Vini-Award-Walter-and-Helen-Dubach-Quinta-do-Paco-Portugal.jpeg\" class=\"attachment-large size-large wp-image-2829\" alt=\"\" srcset=\"https:\/\/quintadopacowinery.pt\/wp-content\/uploads\/2025\/03\/Mundus-Vini-Award-Walter-and-Helen-Dubach-Quinta-do-Paco-Portugal.jpeg 1024w, https:\/\/quintadopacowinery.pt\/wp-content\/uploads\/2025\/03\/Mundus-Vini-Award-Walter-and-Helen-Dubach-Quinta-do-Paco-Portugal-300x200.jpeg 300w, https:\/\/quintadopacowinery.pt\/wp-content\/uploads\/2025\/03\/Mundus-Vini-Award-Walter-and-Helen-Dubach-Quinta-do-Paco-Portugal-768x512.jpeg 768w, https:\/\/quintadopacowinery.pt\/wp-content\/uploads\/2025\/03\/Mundus-Vini-Award-Walter-and-Helen-Dubach-Quinta-do-Paco-Portugal-18x12.jpeg 18w\" sizes=\"(max-width: 800px) 100vw, 800px\" \/>\t\t\t\t\t\t\t\t\t\t\t<figcaption class=\"widget-image-caption wp-caption-text\">Walter Dubach (left) and Helen Dubach (right) Receiving the Mundus Vini Award 2025. Photo Credit: MUNDUS VINI \/ Michael L\u00fcbke<\/figcaption>\n\t\t\t\t\t\t\t\t\t\t<\/figure>\n\t\t\t\t\t\t\t\t\t<\/div>\n\t\t\t\t<\/div>\n\t\t\t\t<div class=\"elementor-element elementor-element-6887ecf elementor-widget-divider--view-line elementor-widget elementor-widget-divider\" data-id=\"6887ecf\" data-element_type=\"widget\" data-e-type=\"widget\" data-widget_type=\"divider.default\">\n\t\t\t\t<div class=\"elementor-widget-container\">\n\t\t\t\t\t\t\t<div class=\"elementor-divider\">\n\t\t\t<span class=\"elementor-divider-separator\">\n\t\t\t\t\t\t<\/span>\n\t\t<\/div>\n\t\t\t\t\t\t<\/div>\n\t\t\t\t<\/div>\n\t\t\t\t<div class=\"elementor-element elementor-element-395846e elementor-widget elementor-widget-text-editor\" data-id=\"395846e\" data-element_type=\"widget\" data-e-type=\"widget\" data-widget_type=\"text-editor.default\">\n\t\t\t\t<div class=\"elementor-widget-container\">\n\t\t\t\t\t\t\t\t\t<p style=\"text-align: center;\">Allow us to present to you the esteemed Minha M\u00e3e Ana, a Vinho Verde that has been honoured with an award in 2023, 2024 and 2025.<\/p>\t\t\t\t\t\t\t\t<\/div>\n\t\t\t\t<\/div>\n\t\t\t\t<div class=\"elementor-element elementor-element-ab8b140 elementor-align-center elementor-widget elementor-widget-button\" data-id=\"ab8b140\" data-element_type=\"widget\" data-e-type=\"widget\" data-widget_type=\"button.default\">\n\t\t\t\t<div class=\"elementor-widget-container\">\n\t\t\t\t\t\t\t\t\t<div class=\"elementor-button-wrapper\">\n\t\t\t\t\t<a class=\"elementor-button elementor-button-link elementor-size-md\" href=\"https:\/\/quintadopacowinery.pt\/pt\/wines\/\">\n\t\t\t\t\t\t<span class=\"elementor-button-content-wrapper\">\n\t\t\t\t\t\t\t\t\t<span class=\"elementor-button-text\">Loja<\/span>\n\t\t\t\t\t<\/span>\n\t\t\t\t\t<\/a>\n\t\t\t\t<\/div>\n\t\t\t\t\t\t\t\t<\/div>\n\t\t\t\t<\/div>\n\t\t\t\t<div class=\"elementor-element elementor-element-bdb058d elementor-widget-divider--view-line elementor-widget elementor-widget-divider\" data-id=\"bdb058d\" data-element_type=\"widget\" data-e-type=\"widget\" data-widget_type=\"divider.default\">\n\t\t\t\t<div class=\"elementor-widget-container\">\n\t\t\t\t\t\t\t<div class=\"elementor-divider\">\n\t\t\t<span class=\"elementor-divider-separator\">\n\t\t\t\t\t\t<\/span>\n\t\t<\/div>\n\t\t\t\t\t\t<\/div>\n\t\t\t\t<\/div>\n\t\t\t\t\t<\/div>\n\t\t<\/div>\n\t\t\t\t<div class=\"elementor-column elementor-col-33 elementor-top-column elementor-element elementor-element-3823bc6\" data-id=\"3823bc6\" data-element_type=\"column\" data-e-type=\"column\" data-settings=\"{&quot;background_background&quot;:&quot;classic&quot;}\">\n\t\t\t<div class=\"elementor-widget-wrap elementor-element-populated\">\n\t\t\t\t\t\t<div class=\"elementor-element elementor-element-4776e5f elementor-widget elementor-widget-heading\" data-id=\"4776e5f\" data-element_type=\"widget\" data-e-type=\"widget\" data-widget_type=\"heading.default\">\n\t\t\t\t<div class=\"elementor-widget-container\">\n\t\t\t\t\t<h2 class=\"elementor-heading-title elementor-size-default\">Mais Popular<\/h2>\t\t\t\t<\/div>\n\t\t\t\t<\/div>\n\t\t\t\t<div class=\"elementor-element elementor-element-4387d70 elementor-grid-1 elementor-grid-tablet-3 elementor-grid-mobile-1 elementor-posts--thumbnail-top elementor-widget elementor-widget-posts\" data-id=\"4387d70\" data-element_type=\"widget\" data-e-type=\"widget\" data-settings=\"{&quot;classic_columns&quot;:&quot;1&quot;,&quot;classic_columns_tablet&quot;:&quot;3&quot;,&quot;classic_row_gap&quot;:{&quot;unit&quot;:&quot;px&quot;,&quot;size&quot;:30,&quot;sizes&quot;:[]},&quot;classic_columns_mobile&quot;:&quot;1&quot;,&quot;classic_row_gap_tablet&quot;:{&quot;unit&quot;:&quot;px&quot;,&quot;size&quot;:&quot;&quot;,&quot;sizes&quot;:[]},&quot;classic_row_gap_mobile&quot;:{&quot;unit&quot;:&quot;px&quot;,&quot;size&quot;:&quot;&quot;,&quot;sizes&quot;:[]}}\" data-widget_type=\"posts.classic\">\n\t\t\t\t<div class=\"elementor-widget-container\">\n\t\t\t\t\t\t\t<div class=\"elementor-posts-container elementor-posts elementor-posts--skin-classic elementor-grid\" role=\"list\">\n\t\t\t\t<article class=\"elementor-post elementor-grid-item post-2956 post type-post status-publish format-standard has-post-thumbnail hentry category-paco-news tag-harvest\" role=\"listitem\">\n\t\t\t\t<a class=\"elementor-post__thumbnail__link\" href=\"https:\/\/quintadopacowinery.pt\/pt\/2025-harvest-new-grape-varieties-and-family-spirit-at-quinta-do-paco\/\" tabindex=\"-1\" >\n\t\t\t<div class=\"elementor-post__thumbnail\"><img decoding=\"async\" width=\"2048\" height=\"1365\" src=\"https:\/\/quintadopacowinery.pt\/wp-content\/uploads\/2025\/09\/KL_02830-2048x1365.jpeg\" class=\"attachment-2048x2048 size-2048x2048 wp-image-2950\" alt=\"2025 Harvest: New Grape Varieties and Family Spirit at Quinta do Pa\u00e7o\" srcset=\"https:\/\/quintadopacowinery.pt\/wp-content\/uploads\/2025\/09\/KL_02830-2048x1365.jpeg 2048w, https:\/\/quintadopacowinery.pt\/wp-content\/uploads\/2025\/09\/KL_02830-300x200.jpeg 300w, https:\/\/quintadopacowinery.pt\/wp-content\/uploads\/2025\/09\/KL_02830-1024x683.jpeg 1024w, https:\/\/quintadopacowinery.pt\/wp-content\/uploads\/2025\/09\/KL_02830-768x512.jpeg 768w, https:\/\/quintadopacowinery.pt\/wp-content\/uploads\/2025\/09\/KL_02830-1536x1024.jpeg 1536w, https:\/\/quintadopacowinery.pt\/wp-content\/uploads\/2025\/09\/KL_02830-18x12.jpeg 18w\" sizes=\"(max-width: 2048px) 100vw, 2048px\" \/><\/div>\n\t\t<\/a>\n\t\t\t\t<div class=\"elementor-post__text\">\n\t\t\t\t<h3 class=\"elementor-post__title\">\n\t\t\t<a href=\"https:\/\/quintadopacowinery.pt\/pt\/2025-harvest-new-grape-varieties-and-family-spirit-at-quinta-do-paco\/\" >\n\t\t\t\tVindima 2025: As Novas Castas e o Esp\u00edrito Familiar na Quinta do Pa\u00e7o\t\t\t<\/a>\n\t\t<\/h3>\n\t\t\n\t\t<a class=\"elementor-post__read-more\" href=\"https:\/\/quintadopacowinery.pt\/pt\/2025-harvest-new-grape-varieties-and-family-spirit-at-quinta-do-paco\/\" aria-label=\"Read more about 2025 Harvest: New Grape Varieties and Family Spirit at Quinta do Pa\u00e7o\" tabindex=\"-1\" >\n\t\t\tSaber Mais\t\t<\/a>\n\n\t\t\t\t<\/div>\n\t\t\t\t<\/article>\n\t\t\t\t<article class=\"elementor-post elementor-grid-item post-2920 post type-post status-publish format-standard has-post-thumbnail hentry category-paco-news tag-awards\" role=\"listitem\">\n\t\t\t\t<a class=\"elementor-post__thumbnail__link\" href=\"https:\/\/quintadopacowinery.pt\/pt\/a-toast-to-summer-sunset-laughter-and-ana-wines-at-quinta-do-casal-da-silva\/\" tabindex=\"-1\" >\n\t\t\t<div class=\"elementor-post__thumbnail\"><img loading=\"lazy\" decoding=\"async\" width=\"1536\" height=\"2048\" src=\"https:\/\/quintadopacowinery.pt\/wp-content\/uploads\/2025\/08\/Quinta-do-Paco-ANA-wines-at-Quinta-Casal-da-Silva-sunset--1536x2048.jpg\" class=\"attachment-2048x2048 size-2048x2048 wp-image-2908\" alt=\"\" srcset=\"https:\/\/quintadopacowinery.pt\/wp-content\/uploads\/2025\/08\/Quinta-do-Paco-ANA-wines-at-Quinta-Casal-da-Silva-sunset--1536x2048.jpg 1536w, https:\/\/quintadopacowinery.pt\/wp-content\/uploads\/2025\/08\/Quinta-do-Paco-ANA-wines-at-Quinta-Casal-da-Silva-sunset--225x300.jpg 225w, https:\/\/quintadopacowinery.pt\/wp-content\/uploads\/2025\/08\/Quinta-do-Paco-ANA-wines-at-Quinta-Casal-da-Silva-sunset--768x1024.jpg 768w, https:\/\/quintadopacowinery.pt\/wp-content\/uploads\/2025\/08\/Quinta-do-Paco-ANA-wines-at-Quinta-Casal-da-Silva-sunset--1152x1536.jpg 1152w, https:\/\/quintadopacowinery.pt\/wp-content\/uploads\/2025\/08\/Quinta-do-Paco-ANA-wines-at-Quinta-Casal-da-Silva-sunset--9x12.jpg 9w, https:\/\/quintadopacowinery.pt\/wp-content\/uploads\/2025\/08\/Quinta-do-Paco-ANA-wines-at-Quinta-Casal-da-Silva-sunset--scaled.jpg 1920w\" sizes=\"(max-width: 1536px) 100vw, 1536px\" \/><\/div>\n\t\t<\/a>\n\t\t\t\t<div class=\"elementor-post__text\">\n\t\t\t\t<h3 class=\"elementor-post__title\">\n\t\t\t<a href=\"https:\/\/quintadopacowinery.pt\/pt\/a-toast-to-summer-sunset-laughter-and-ana-wines-at-quinta-do-casal-da-silva\/\" >\n\t\t\t\tUm brinde ao ver\u00e3o: p\u00f4r do sol, risos e vinhos ANA na Quinta do Casal da Silva\t\t\t<\/a>\n\t\t<\/h3>\n\t\t\n\t\t<a class=\"elementor-post__read-more\" href=\"https:\/\/quintadopacowinery.pt\/pt\/a-toast-to-summer-sunset-laughter-and-ana-wines-at-quinta-do-casal-da-silva\/\" aria-label=\"Read more about A Toast to Summer: Sunset, Laughter and ANA WINES at Quinta do Casal da Silva\" tabindex=\"-1\" >\n\t\t\tSaber Mais\t\t<\/a>\n\n\t\t\t\t<\/div>\n\t\t\t\t<\/article>\n\t\t\t\t<article class=\"elementor-post elementor-grid-item post-2907 post type-post status-publish format-standard has-post-thumbnail hentry category-paco-news tag-awards\" role=\"listitem\">\n\t\t\t\t<a class=\"elementor-post__thumbnail__link\" href=\"https:\/\/quintadopacowinery.pt\/pt\/quinta-do-paco-silver-medal-at-the-marco-2025-wine-competition-a-toast-to-excellence-and-tradition\/\" tabindex=\"-1\" >\n\t\t\t<div class=\"elementor-post__thumbnail\"><img loading=\"lazy\" decoding=\"async\" width=\"2048\" height=\"1140\" src=\"https:\/\/quintadopacowinery.pt\/wp-content\/uploads\/2025\/08\/quinta-do-paco-winery-awarded-silver-in-Marco-Wine-Contest-2025.jpg\" class=\"attachment-2048x2048 size-2048x2048 wp-image-2909\" alt=\"\" srcset=\"https:\/\/quintadopacowinery.pt\/wp-content\/uploads\/2025\/08\/quinta-do-paco-winery-awarded-silver-in-Marco-Wine-Contest-2025.jpg 2048w, https:\/\/quintadopacowinery.pt\/wp-content\/uploads\/2025\/08\/quinta-do-paco-winery-awarded-silver-in-Marco-Wine-Contest-2025-300x167.jpg 300w, https:\/\/quintadopacowinery.pt\/wp-content\/uploads\/2025\/08\/quinta-do-paco-winery-awarded-silver-in-Marco-Wine-Contest-2025-1024x570.jpg 1024w, https:\/\/quintadopacowinery.pt\/wp-content\/uploads\/2025\/08\/quinta-do-paco-winery-awarded-silver-in-Marco-Wine-Contest-2025-768x428.jpg 768w, https:\/\/quintadopacowinery.pt\/wp-content\/uploads\/2025\/08\/quinta-do-paco-winery-awarded-silver-in-Marco-Wine-Contest-2025-1536x855.jpg 1536w, https:\/\/quintadopacowinery.pt\/wp-content\/uploads\/2025\/08\/quinta-do-paco-winery-awarded-silver-in-Marco-Wine-Contest-2025-18x10.jpg 18w\" sizes=\"(max-width: 2048px) 100vw, 2048px\" \/><\/div>\n\t\t<\/a>\n\t\t\t\t<div class=\"elementor-post__text\">\n\t\t\t\t<h3 class=\"elementor-post__title\">\n\t\t\t<a href=\"https:\/\/quintadopacowinery.pt\/pt\/quinta-do-paco-silver-medal-at-the-marco-2025-wine-competition-a-toast-to-excellence-and-tradition\/\" >\n\t\t\t\tQuinta do Pa\u00e7o: Medalha de Prata no Concurso de Vinhos Marco 2025 \u2014 Um brinde \u00e0 excel\u00eancia e \u00e0 tradi\u00e7\u00e3o\t\t\t<\/a>\n\t\t<\/h3>\n\t\t\n\t\t<a class=\"elementor-post__read-more\" href=\"https:\/\/quintadopacowinery.pt\/pt\/quinta-do-paco-silver-medal-at-the-marco-2025-wine-competition-a-toast-to-excellence-and-tradition\/\" aria-label=\"Read more about Quinta do Pa\u00e7o: Silver Medal at the Marco 2025 Wine Competition \u2014 A Toast to Excellence and Tradition\" tabindex=\"-1\" >\n\t\t\tSaber Mais\t\t<\/a>\n\n\t\t\t\t<\/div>\n\t\t\t\t<\/article>\n\t\t\t\t<\/div>\n\t\t\n\t\t\t\t\t\t<\/div>\n\t\t\t\t<\/div>\n\t\t\t\t\t<\/div>\n\t\t<\/div>\n\t\t\t\t\t<\/div>\n\t\t<\/section>\n\t\t\t\t<section class=\"elementor-section elementor-top-section elementor-element elementor-element-cf36b56 elementor-section-boxed elementor-section-height-default elementor-section-height-default\" data-id=\"cf36b56\" data-element_type=\"section\" data-e-type=\"section\">\n\t\t\t\t\t\t<div class=\"elementor-container elementor-column-gap-default\">\n\t\t\t\t\t<div class=\"elementor-column elementor-col-100 elementor-top-column elementor-element elementor-element-7f84699\" data-id=\"7f84699\" data-element_type=\"column\" data-e-type=\"column\">\n\t\t\t<div class=\"elementor-widget-wrap elementor-element-populated\">\n\t\t\t\t\t\t<section class=\"elementor-section elementor-inner-section elementor-element elementor-element-e6d484a elementor-section-boxed elementor-section-height-default elementor-section-height-default\" data-id=\"e6d484a\" data-element_type=\"section\" data-e-type=\"section\">\n\t\t\t\t\t\t<div class=\"elementor-container elementor-column-gap-default\">\n\t\t\t\t\t<div class=\"elementor-column elementor-col-50 elementor-inner-column elementor-element elementor-element-0e111f2\" data-id=\"0e111f2\" data-element_type=\"column\" data-e-type=\"column\">\n\t\t\t<div class=\"elementor-widget-wrap elementor-element-populated\">\n\t\t\t\t\t\t<div class=\"elementor-element elementor-element-c0d48a5 elementor-widget elementor-widget-heading\" data-id=\"c0d48a5\" data-element_type=\"widget\" data-e-type=\"widget\" data-widget_type=\"heading.default\">\n\t\t\t\t<div class=\"elementor-widget-container\">\n\t\t\t\t\t<h2 class=\"elementor-heading-title elementor-size-default\">Partilhar:<\/h2>\t\t\t\t<\/div>\n\t\t\t\t<\/div>\n\t\t\t\t\t<\/div>\n\t\t<\/div>\n\t\t\t\t<div class=\"elementor-column elementor-col-50 elementor-inner-column elementor-element elementor-element-6c9f734\" data-id=\"6c9f734\" data-element_type=\"column\" data-e-type=\"column\">\n\t\t\t<div class=\"elementor-widget-wrap elementor-element-populated\">\n\t\t\t\t\t\t<div class=\"elementor-element elementor-element-2c206f0 elementor-share-buttons--skin-framed elementor-share-buttons--color-custom elementor-share-buttons--view-icon-text elementor-share-buttons--shape-square elementor-grid-0 elementor-widget elementor-widget-share-buttons\" data-id=\"2c206f0\" data-element_type=\"widget\" data-e-type=\"widget\" data-widget_type=\"share-buttons.default\">\n\t\t\t\t<div class=\"elementor-widget-container\">\n\t\t\t\t\t\t\t<div class=\"elementor-grid\" role=\"list\">\n\t\t\t\t\t\t\t\t<div class=\"elementor-grid-item\" role=\"listitem\">\n\t\t\t\t\t\t<div class=\"elementor-share-btn elementor-share-btn_whatsapp\" role=\"button\" tabindex=\"0\" aria-label=\"Share on whatsapp\">\n\t\t\t\t\t\t\t\t\t\t\t\t\t\t\t<span class=\"elementor-share-btn__icon\">\n\t\t\t\t\t\t\t\t<i class=\"fab fa-whatsapp\" aria-hidden=\"true\"><\/i>\t\t\t\t\t\t\t<\/span>\n\t\t\t\t\t\t\t\t\t\t\t\t\t\t\t\t\t\t\t\t\t\t<div class=\"elementor-share-btn__text\">\n\t\t\t\t\t\t\t\t\t\t\t\t\t\t\t\t\t\t\t<span class=\"elementor-share-btn__title\">\n\t\t\t\t\t\t\t\t\t\tWhatsApp\t\t\t\t\t\t\t\t\t<\/span>\n\t\t\t\t\t\t\t\t\t\t\t\t\t\t\t\t\t<\/div>\n\t\t\t\t\t\t\t\t\t\t\t\t\t<\/div>\n\t\t\t\t\t<\/div>\n\t\t\t\t\t\t\t\t\t<div class=\"elementor-grid-item\" role=\"listitem\">\n\t\t\t\t\t\t<div class=\"elementor-share-btn elementor-share-btn_telegram\" role=\"button\" tabindex=\"0\" aria-label=\"Share on telegram\">\n\t\t\t\t\t\t\t\t\t\t\t\t\t\t\t<span class=\"elementor-share-btn__icon\">\n\t\t\t\t\t\t\t\t<i class=\"fab fa-telegram\" aria-hidden=\"true\"><\/i>\t\t\t\t\t\t\t<\/span>\n\t\t\t\t\t\t\t\t\t\t\t\t\t\t\t\t\t\t\t\t\t\t<div class=\"elementor-share-btn__text\">\n\t\t\t\t\t\t\t\t\t\t\t\t\t\t\t\t\t\t\t<span class=\"elementor-share-btn__title\">\n\t\t\t\t\t\t\t\t\t\tTelegram\t\t\t\t\t\t\t\t\t<\/span>\n\t\t\t\t\t\t\t\t\t\t\t\t\t\t\t\t\t<\/div>\n\t\t\t\t\t\t\t\t\t\t\t\t\t<\/div>\n\t\t\t\t\t<\/div>\n\t\t\t\t\t\t\t\t\t<div class=\"elementor-grid-item\" role=\"listitem\">\n\t\t\t\t\t\t<div class=\"elementor-share-btn elementor-share-btn_facebook\" role=\"button\" tabindex=\"0\" aria-label=\"Share on facebook\">\n\t\t\t\t\t\t\t\t\t\t\t\t\t\t\t<span class=\"elementor-share-btn__icon\">\n\t\t\t\t\t\t\t\t<i class=\"fab fa-facebook\" aria-hidden=\"true\"><\/i>\t\t\t\t\t\t\t<\/span>\n\t\t\t\t\t\t\t\t\t\t\t\t\t\t\t\t\t\t\t\t\t\t<div class=\"elementor-share-btn__text\">\n\t\t\t\t\t\t\t\t\t\t\t\t\t\t\t\t\t\t\t<span class=\"elementor-share-btn__title\">\n\t\t\t\t\t\t\t\t\t\tFacebook\t\t\t\t\t\t\t\t\t<\/span>\n\t\t\t\t\t\t\t\t\t\t\t\t\t\t\t\t\t<\/div>\n\t\t\t\t\t\t\t\t\t\t\t\t\t<\/div>\n\t\t\t\t\t<\/div>\n\t\t\t\t\t\t\t\t\t<div class=\"elementor-grid-item\" role=\"listitem\">\n\t\t\t\t\t\t<div class=\"elementor-share-btn elementor-share-btn_linkedin\" role=\"button\" tabindex=\"0\" aria-label=\"Share on linkedin\">\n\t\t\t\t\t\t\t\t\t\t\t\t\t\t\t<span class=\"elementor-share-btn__icon\">\n\t\t\t\t\t\t\t\t<i class=\"fab fa-linkedin\" aria-hidden=\"true\"><\/i>\t\t\t\t\t\t\t<\/span>\n\t\t\t\t\t\t\t\t\t\t\t\t\t\t\t\t\t\t\t\t\t\t<div class=\"elementor-share-btn__text\">\n\t\t\t\t\t\t\t\t\t\t\t\t\t\t\t\t\t\t\t<span class=\"elementor-share-btn__title\">\n\t\t\t\t\t\t\t\t\t\tLinkedIn\t\t\t\t\t\t\t\t\t<\/span>\n\t\t\t\t\t\t\t\t\t\t\t\t\t\t\t\t\t<\/div>\n\t\t\t\t\t\t\t\t\t\t\t\t\t<\/div>\n\t\t\t\t\t<\/div>\n\t\t\t\t\t\t\t\t\t<div class=\"elementor-grid-item\" role=\"listitem\">\n\t\t\t\t\t\t<div class=\"elementor-share-btn elementor-share-btn_email\" role=\"button\" tabindex=\"0\" aria-label=\"Share on email\">\n\t\t\t\t\t\t\t\t\t\t\t\t\t\t\t<span class=\"elementor-share-btn__icon\">\n\t\t\t\t\t\t\t\t<i class=\"fas fa-envelope\" aria-hidden=\"true\"><\/i>\t\t\t\t\t\t\t<\/span>\n\t\t\t\t\t\t\t\t\t\t\t\t\t\t\t\t\t\t\t\t\t\t<div class=\"elementor-share-btn__text\">\n\t\t\t\t\t\t\t\t\t\t\t\t\t\t\t\t\t\t\t<span class=\"elementor-share-btn__title\">\n\t\t\t\t\t\t\t\t\t\tEmail\t\t\t\t\t\t\t\t\t<\/span>\n\t\t\t\t\t\t\t\t\t\t\t\t\t\t\t\t\t<\/div>\n\t\t\t\t\t\t\t\t\t\t\t\t\t<\/div>\n\t\t\t\t\t<\/div>\n\t\t\t\t\t\t<\/div>\n\t\t\t\t\t\t<\/div>\n\t\t\t\t<\/div>\n\t\t\t\t\t<\/div>\n\t\t<\/div>\n\t\t\t\t\t<\/div>\n\t\t<\/section>\n\t\t\t\t\t<\/div>\n\t\t<\/div>\n\t\t\t\t\t<\/div>\n\t\t<\/section>\n\t\t\t\t<section class=\"elementor-section elementor-top-section elementor-element elementor-element-18a0c26 elementor-section-height-min-height elementor-section-stretched elementor-section-full_width elementor-section-items-bottom elementor-section-height-default\" data-id=\"18a0c26\" data-element_type=\"section\" data-e-type=\"section\" data-settings=\"{&quot;stretch_section&quot;:&quot;section-stretched&quot;,&quot;background_background&quot;:&quot;classic&quot;}\">\n\t\t\t\t\t\t<div class=\"elementor-container elementor-column-gap-default\">\n\t\t\t\t\t<div class=\"elementor-column elementor-col-100 elementor-top-column elementor-element elementor-element-f4d027d\" data-id=\"f4d027d\" data-element_type=\"column\" data-e-type=\"column\">\n\t\t\t<div class=\"elementor-widget-wrap elementor-element-populated\">\n\t\t\t\t\t\t<div class=\"elementor-element elementor-element-905268f elementor-invisible elementor-widget elementor-widget-heading\" data-id=\"905268f\" data-element_type=\"widget\" data-e-type=\"widget\" data-settings=\"{&quot;_animation&quot;:&quot;fadeIn&quot;,&quot;_animation_delay&quot;:&quot;400&quot;}\" data-widget_type=\"heading.default\">\n\t\t\t\t<div class=\"elementor-widget-container\">\n\t\t\t\t\t<h1 class=\"elementor-heading-title elementor-size-default\">Abra uma garrafa<\/h1>\t\t\t\t<\/div>\n\t\t\t\t<\/div>\n\t\t\t\t<div class=\"elementor-element elementor-element-ed06c71 elementor-invisible elementor-widget elementor-widget-button\" data-id=\"ed06c71\" data-element_type=\"widget\" data-e-type=\"widget\" data-settings=\"{&quot;_animation&quot;:&quot;fadeIn&quot;,&quot;_animation_delay&quot;:&quot;600&quot;}\" data-widget_type=\"button.default\">\n\t\t\t\t<div class=\"elementor-widget-container\">\n\t\t\t\t\t\t\t\t\t<div class=\"elementor-button-wrapper\">\n\t\t\t\t\t<a class=\"elementor-button elementor-button-link elementor-size-sm elementor-animation-grow\" href=\"https:\/\/quintadopacowinery.pt\/pt\/wines\/\">\n\t\t\t\t\t\t<span class=\"elementor-button-content-wrapper\">\n\t\t\t\t\t\t<span class=\"elementor-button-icon\">\n\t\t\t\t<i aria-hidden=\"true\" class=\"fas fa-arrow-right\"><\/i>\t\t\t<\/span>\n\t\t\t\t\t\t\t\t\t<span class=\"elementor-button-text\">Loja online<\/span>\n\t\t\t\t\t<\/span>\n\t\t\t\t\t<\/a>\n\t\t\t\t<\/div>\n\t\t\t\t\t\t\t\t<\/div>\n\t\t\t\t<\/div>\n\t\t\t\t\t<\/div>\n\t\t<\/div>\n\t\t\t\t\t<\/div>\n\t\t<\/section>\n\t\t\t\t<\/div>","protected":false},"excerpt":{"rendered":"<p>Discover Portugal&#8217;s Finest Vinho Verde, Honored with Prestigious Awards For wine connoisseurs seeking the finest and most distinctive wines, Quinta do Pa\u00e7o&#8217;s Minha M\u00e3e Ana<\/p>","protected":false},"author":1,"featured_media":2816,"comment_status":"closed","ping_status":"open","sticky":false,"template":"","format":"standard","meta":{"footnotes":""},"categories":[28],"tags":[33],"class_list":["post-2820","post","type-post","status-publish","format-standard","has-post-thumbnail","hentry","category-paco-news","tag-awards"],"yoast_head":"<!-- This site is optimized with the Yoast SEO plugin v27.5 - https:\/\/yoast.com\/product\/yoast-seo-wordpress\/ -->\n<title>Quinta do Pa\u00e7o&#039;s Minha M\u00e3e Ana Wines Shine at Mundus Vini 2025: A Connoisseur&#039;s Delight - Quinta do Pa\u00e7o<\/title>\n<meta name=\"description\" content=\"Minha M\u00e3e Ana, from Quinta do Pa\u00e7o, was recognized as the Best Vinho Verde 2025 at Mundus Vini. Dive into the world of Portuguese choice.\" \/>\n<meta name=\"robots\" content=\"index, follow, max-snippet:-1, max-image-preview:large, max-video-preview:-1\" \/>\n<link rel=\"canonical\" href=\"https:\/\/quintadopacowinery.pt\/pt\/quinta-do-pacos-minha-mae-ana-wines-shine-at-mundus-vini-2025-a-connoisseurs-delight\/\" \/>\n<meta property=\"og:locale\" content=\"pt_PT\" \/>\n<meta property=\"og:type\" content=\"article\" \/>\n<meta property=\"og:title\" content=\"Quinta do Pa\u00e7o&#039;s Minha M\u00e3e Ana Wines Shine at Mundus Vini 2025: A Connoisseur&#039;s Delight - Quinta do Pa\u00e7o\" \/>\n<meta property=\"og:description\" content=\"Minha M\u00e3e Ana, from Quinta do Pa\u00e7o, was recognized as the Best Vinho Verde 2025 at Mundus Vini. Dive into the world of Portuguese choice.\" \/>\n<meta property=\"og:url\" content=\"https:\/\/quintadopacowinery.pt\/pt\/quinta-do-pacos-minha-mae-ana-wines-shine-at-mundus-vini-2025-a-connoisseurs-delight\/\" \/>\n<meta property=\"og:site_name\" content=\"Quinta do Pa\u00e7o\" \/>\n<meta property=\"article:published_time\" content=\"2025-03-14T18:20:58+00:00\" \/>\n<meta property=\"article:modified_time\" content=\"2025-04-08T14:36:26+00:00\" \/>\n<meta property=\"og:image\" content=\"https:\/\/quintadopacowinery.pt\/wp-content\/uploads\/2025\/03\/quinta-do-paco-minha-mae-ana-vinho-verde-mundis-vini-2025-award.jpg\" \/>\n\t<meta property=\"og:image:width\" content=\"1600\" \/>\n\t<meta property=\"og:image:height\" content=\"900\" \/>\n\t<meta property=\"og:image:type\" content=\"image\/jpeg\" \/>\n<meta name=\"author\" content=\"admin\" \/>\n<meta name=\"twitter:card\" content=\"summary_large_image\" \/>\n<meta name=\"twitter:label1\" content=\"Escrito por\" \/>\n\t<meta name=\"twitter:data1\" content=\"admin\" \/>\n\t<meta name=\"twitter:label2\" content=\"Tempo estimado de leitura\" \/>\n\t<meta name=\"twitter:data2\" content=\"3 minutos\" \/>\n<script type=\"application\/ld+json\" class=\"yoast-schema-graph\">{\"@context\":\"https:\\\/\\\/schema.org\",\"@graph\":[{\"@type\":\"Article\",\"@id\":\"https:\\\/\\\/quintadopacowinery.pt\\\/quinta-do-pacos-minha-mae-ana-wines-shine-at-mundus-vini-2025-a-connoisseurs-delight\\\/#article\",\"isPartOf\":{\"@id\":\"https:\\\/\\\/quintadopacowinery.pt\\\/quinta-do-pacos-minha-mae-ana-wines-shine-at-mundus-vini-2025-a-connoisseurs-delight\\\/\"},\"author\":{\"name\":\"admin\",\"@id\":\"https:\\\/\\\/quintadopacowinery.pt\\\/#\\\/schema\\\/person\\\/22724cff0342ddac533061d54204e91d\"},\"headline\":\"Quinta do Pa\u00e7o&#8217;s Minha M\u00e3e Ana Wines Shine at Mundus Vini 2025: A Connoisseur&#8217;s Delight\",\"datePublished\":\"2025-03-14T18:20:58+00:00\",\"dateModified\":\"2025-04-08T14:36:26+00:00\",\"mainEntityOfPage\":{\"@id\":\"https:\\\/\\\/quintadopacowinery.pt\\\/quinta-do-pacos-minha-mae-ana-wines-shine-at-mundus-vini-2025-a-connoisseurs-delight\\\/\"},\"wordCount\":428,\"publisher\":{\"@id\":\"https:\\\/\\\/quintadopacowinery.pt\\\/#organization\"},\"image\":{\"@id\":\"https:\\\/\\\/quintadopacowinery.pt\\\/quinta-do-pacos-minha-mae-ana-wines-shine-at-mundus-vini-2025-a-connoisseurs-delight\\\/#primaryimage\"},\"thumbnailUrl\":\"https:\\\/\\\/quintadopacowinery.pt\\\/wp-content\\\/uploads\\\/2025\\\/03\\\/quinta-do-paco-minha-mae-ana-vinho-verde-mundis-vini-2025-award.jpg\",\"keywords\":[\"Awards\"],\"articleSection\":[\"Pa\u00e7o News\"],\"inLanguage\":\"pt-PT\"},{\"@type\":\"WebPage\",\"@id\":\"https:\\\/\\\/quintadopacowinery.pt\\\/quinta-do-pacos-minha-mae-ana-wines-shine-at-mundus-vini-2025-a-connoisseurs-delight\\\/\",\"url\":\"https:\\\/\\\/quintadopacowinery.pt\\\/quinta-do-pacos-minha-mae-ana-wines-shine-at-mundus-vini-2025-a-connoisseurs-delight\\\/\",\"name\":\"Quinta do Pa\u00e7o's Minha M\u00e3e Ana Wines Shine at Mundus Vini 2025: A Connoisseur's Delight - Quinta do Pa\u00e7o\",\"isPartOf\":{\"@id\":\"https:\\\/\\\/quintadopacowinery.pt\\\/#website\"},\"primaryImageOfPage\":{\"@id\":\"https:\\\/\\\/quintadopacowinery.pt\\\/quinta-do-pacos-minha-mae-ana-wines-shine-at-mundus-vini-2025-a-connoisseurs-delight\\\/#primaryimage\"},\"image\":{\"@id\":\"https:\\\/\\\/quintadopacowinery.pt\\\/quinta-do-pacos-minha-mae-ana-wines-shine-at-mundus-vini-2025-a-connoisseurs-delight\\\/#primaryimage\"},\"thumbnailUrl\":\"https:\\\/\\\/quintadopacowinery.pt\\\/wp-content\\\/uploads\\\/2025\\\/03\\\/quinta-do-paco-minha-mae-ana-vinho-verde-mundis-vini-2025-award.jpg\",\"datePublished\":\"2025-03-14T18:20:58+00:00\",\"dateModified\":\"2025-04-08T14:36:26+00:00\",\"description\":\"Minha M\u00e3e Ana, from Quinta do Pa\u00e7o, was recognized as the Best Vinho Verde 2025 at Mundus Vini. Dive into the world of Portuguese choice.\",\"breadcrumb\":{\"@id\":\"https:\\\/\\\/quintadopacowinery.pt\\\/quinta-do-pacos-minha-mae-ana-wines-shine-at-mundus-vini-2025-a-connoisseurs-delight\\\/#breadcrumb\"},\"inLanguage\":\"pt-PT\",\"potentialAction\":[{\"@type\":\"ReadAction\",\"target\":[\"https:\\\/\\\/quintadopacowinery.pt\\\/quinta-do-pacos-minha-mae-ana-wines-shine-at-mundus-vini-2025-a-connoisseurs-delight\\\/\"]}]},{\"@type\":\"ImageObject\",\"inLanguage\":\"pt-PT\",\"@id\":\"https:\\\/\\\/quintadopacowinery.pt\\\/quinta-do-pacos-minha-mae-ana-wines-shine-at-mundus-vini-2025-a-connoisseurs-delight\\\/#primaryimage\",\"url\":\"https:\\\/\\\/quintadopacowinery.pt\\\/wp-content\\\/uploads\\\/2025\\\/03\\\/quinta-do-paco-minha-mae-ana-vinho-verde-mundis-vini-2025-award.jpg\",\"contentUrl\":\"https:\\\/\\\/quintadopacowinery.pt\\\/wp-content\\\/uploads\\\/2025\\\/03\\\/quinta-do-paco-minha-mae-ana-vinho-verde-mundis-vini-2025-award.jpg\",\"width\":1600,\"height\":900},{\"@type\":\"BreadcrumbList\",\"@id\":\"https:\\\/\\\/quintadopacowinery.pt\\\/quinta-do-pacos-minha-mae-ana-wines-shine-at-mundus-vini-2025-a-connoisseurs-delight\\\/#breadcrumb\",\"itemListElement\":[{\"@type\":\"ListItem\",\"position\":1,\"name\":\"Home\",\"item\":\"https:\\\/\\\/quintadopacowinery.pt\\\/\"},{\"@type\":\"ListItem\",\"position\":2,\"name\":\"Quinta do Pa\u00e7o&#8217;s Minha M\u00e3e Ana Wines Shine at Mundus Vini 2025: A Connoisseur&#8217;s Delight\"}]},{\"@type\":\"WebSite\",\"@id\":\"https:\\\/\\\/quintadopacowinery.pt\\\/#website\",\"url\":\"https:\\\/\\\/quintadopacowinery.pt\\\/\",\"name\":\"Quinta do Pa\u00e7o\",\"description\":\"Winery\",\"publisher\":{\"@id\":\"https:\\\/\\\/quintadopacowinery.pt\\\/#organization\"},\"potentialAction\":[{\"@type\":\"SearchAction\",\"target\":{\"@type\":\"EntryPoint\",\"urlTemplate\":\"https:\\\/\\\/quintadopacowinery.pt\\\/?s={search_term_string}\"},\"query-input\":{\"@type\":\"PropertyValueSpecification\",\"valueRequired\":true,\"valueName\":\"search_term_string\"}}],\"inLanguage\":\"pt-PT\"},{\"@type\":\"Organization\",\"@id\":\"https:\\\/\\\/quintadopacowinery.pt\\\/#organization\",\"name\":\"Quinta do Pa\u00e7o\",\"url\":\"https:\\\/\\\/quintadopacowinery.pt\\\/\",\"logo\":{\"@type\":\"ImageObject\",\"inLanguage\":\"pt-PT\",\"@id\":\"https:\\\/\\\/quintadopacowinery.pt\\\/#\\\/schema\\\/logo\\\/image\\\/\",\"url\":\"https:\\\/\\\/quintadopacowinery.pt\\\/wp-content\\\/uploads\\\/2022\\\/12\\\/logo_quinta_paco.svg\",\"contentUrl\":\"https:\\\/\\\/quintadopacowinery.pt\\\/wp-content\\\/uploads\\\/2022\\\/12\\\/logo_quinta_paco.svg\",\"width\":267,\"height\":45,\"caption\":\"Quinta do Pa\u00e7o \"},\"image\":{\"@id\":\"https:\\\/\\\/quintadopacowinery.pt\\\/#\\\/schema\\\/logo\\\/image\\\/\"}},{\"@type\":\"Person\",\"@id\":\"https:\\\/\\\/quintadopacowinery.pt\\\/#\\\/schema\\\/person\\\/22724cff0342ddac533061d54204e91d\",\"name\":\"admin\",\"image\":{\"@type\":\"ImageObject\",\"inLanguage\":\"pt-PT\",\"@id\":\"https:\\\/\\\/secure.gravatar.com\\\/avatar\\\/846e8d048ed9c29fada4b80181dd18b21a9cf5b6f63ba095d95c2530a11fc3db?s=96&d=mm&r=g\",\"url\":\"https:\\\/\\\/secure.gravatar.com\\\/avatar\\\/846e8d048ed9c29fada4b80181dd18b21a9cf5b6f63ba095d95c2530a11fc3db?s=96&d=mm&r=g\",\"contentUrl\":\"https:\\\/\\\/secure.gravatar.com\\\/avatar\\\/846e8d048ed9c29fada4b80181dd18b21a9cf5b6f63ba095d95c2530a11fc3db?s=96&d=mm&r=g\",\"caption\":\"admin\"},\"sameAs\":[\"https:\\\/\\\/quintadopacowinery.pt\"],\"url\":\"https:\\\/\\\/quintadopacowinery.pt\\\/pt\\\/author\\\/admin\\\/\"}]}<\/script>\n<!-- \/ Yoast SEO plugin. -->","yoast_head_json":{"title":"Quinta do Pa\u00e7o's Minha M\u00e3e Ana Wines Shine at Mundus Vini 2025: A Connoisseur's Delight - Quinta do Pa\u00e7o","description":"Minha M\u00e3e Ana, from Quinta do Pa\u00e7o, was recognized as the Best Vinho Verde 2025 at Mundus Vini. Dive into the world of Portuguese choice.","robots":{"index":"index","follow":"follow","max-snippet":"max-snippet:-1","max-image-preview":"max-image-preview:large","max-video-preview":"max-video-preview:-1"},"canonical":"https:\/\/quintadopacowinery.pt\/pt\/quinta-do-pacos-minha-mae-ana-wines-shine-at-mundus-vini-2025-a-connoisseurs-delight\/","og_locale":"pt_PT","og_type":"article","og_title":"Quinta do Pa\u00e7o's Minha M\u00e3e Ana Wines Shine at Mundus Vini 2025: A Connoisseur's Delight - Quinta do Pa\u00e7o","og_description":"Minha M\u00e3e Ana, from Quinta do Pa\u00e7o, was recognized as the Best Vinho Verde 2025 at Mundus Vini. Dive into the world of Portuguese choice.","og_url":"https:\/\/quintadopacowinery.pt\/pt\/quinta-do-pacos-minha-mae-ana-wines-shine-at-mundus-vini-2025-a-connoisseurs-delight\/","og_site_name":"Quinta do Pa\u00e7o","article_published_time":"2025-03-14T18:20:58+00:00","article_modified_time":"2025-04-08T14:36:26+00:00","og_image":[{"width":1600,"height":900,"url":"https:\/\/quintadopacowinery.pt\/wp-content\/uploads\/2025\/03\/quinta-do-paco-minha-mae-ana-vinho-verde-mundis-vini-2025-award.jpg","type":"image\/jpeg"}],"author":"admin","twitter_card":"summary_large_image","twitter_misc":{"Escrito por":"admin","Tempo estimado de leitura":"3 minutos"},"schema":{"@context":"https:\/\/schema.org","@graph":[{"@type":"Article","@id":"https:\/\/quintadopacowinery.pt\/quinta-do-pacos-minha-mae-ana-wines-shine-at-mundus-vini-2025-a-connoisseurs-delight\/#article","isPartOf":{"@id":"https:\/\/quintadopacowinery.pt\/quinta-do-pacos-minha-mae-ana-wines-shine-at-mundus-vini-2025-a-connoisseurs-delight\/"},"author":{"name":"admin","@id":"https:\/\/quintadopacowinery.pt\/#\/schema\/person\/22724cff0342ddac533061d54204e91d"},"headline":"Quinta do Pa\u00e7o&#8217;s Minha M\u00e3e Ana Wines Shine at Mundus Vini 2025: A Connoisseur&#8217;s Delight","datePublished":"2025-03-14T18:20:58+00:00","dateModified":"2025-04-08T14:36:26+00:00","mainEntityOfPage":{"@id":"https:\/\/quintadopacowinery.pt\/quinta-do-pacos-minha-mae-ana-wines-shine-at-mundus-vini-2025-a-connoisseurs-delight\/"},"wordCount":428,"publisher":{"@id":"https:\/\/quintadopacowinery.pt\/#organization"},"image":{"@id":"https:\/\/quintadopacowinery.pt\/quinta-do-pacos-minha-mae-ana-wines-shine-at-mundus-vini-2025-a-connoisseurs-delight\/#primaryimage"},"thumbnailUrl":"https:\/\/quintadopacowinery.pt\/wp-content\/uploads\/2025\/03\/quinta-do-paco-minha-mae-ana-vinho-verde-mundis-vini-2025-award.jpg","keywords":["Awards"],"articleSection":["Pa\u00e7o News"],"inLanguage":"pt-PT"},{"@type":"WebPage","@id":"https:\/\/quintadopacowinery.pt\/quinta-do-pacos-minha-mae-ana-wines-shine-at-mundus-vini-2025-a-connoisseurs-delight\/","url":"https:\/\/quintadopacowinery.pt\/quinta-do-pacos-minha-mae-ana-wines-shine-at-mundus-vini-2025-a-connoisseurs-delight\/","name":"Quinta do Pa\u00e7o's Minha M\u00e3e Ana Wines Shine at Mundus Vini 2025: A Connoisseur's Delight - Quinta do Pa\u00e7o","isPartOf":{"@id":"https:\/\/quintadopacowinery.pt\/#website"},"primaryImageOfPage":{"@id":"https:\/\/quintadopacowinery.pt\/quinta-do-pacos-minha-mae-ana-wines-shine-at-mundus-vini-2025-a-connoisseurs-delight\/#primaryimage"},"image":{"@id":"https:\/\/quintadopacowinery.pt\/quinta-do-pacos-minha-mae-ana-wines-shine-at-mundus-vini-2025-a-connoisseurs-delight\/#primaryimage"},"thumbnailUrl":"https:\/\/quintadopacowinery.pt\/wp-content\/uploads\/2025\/03\/quinta-do-paco-minha-mae-ana-vinho-verde-mundis-vini-2025-award.jpg","datePublished":"2025-03-14T18:20:58+00:00","dateModified":"2025-04-08T14:36:26+00:00","description":"Minha M\u00e3e Ana, from Quinta do Pa\u00e7o, was recognized as the Best Vinho Verde 2025 at Mundus Vini. Dive into the world of Portuguese choice.","breadcrumb":{"@id":"https:\/\/quintadopacowinery.pt\/quinta-do-pacos-minha-mae-ana-wines-shine-at-mundus-vini-2025-a-connoisseurs-delight\/#breadcrumb"},"inLanguage":"pt-PT","potentialAction":[{"@type":"ReadAction","target":["https:\/\/quintadopacowinery.pt\/quinta-do-pacos-minha-mae-ana-wines-shine-at-mundus-vini-2025-a-connoisseurs-delight\/"]}]},{"@type":"ImageObject","inLanguage":"pt-PT","@id":"https:\/\/quintadopacowinery.pt\/quinta-do-pacos-minha-mae-ana-wines-shine-at-mundus-vini-2025-a-connoisseurs-delight\/#primaryimage","url":"https:\/\/quintadopacowinery.pt\/wp-content\/uploads\/2025\/03\/quinta-do-paco-minha-mae-ana-vinho-verde-mundis-vini-2025-award.jpg","contentUrl":"https:\/\/quintadopacowinery.pt\/wp-content\/uploads\/2025\/03\/quinta-do-paco-minha-mae-ana-vinho-verde-mundis-vini-2025-award.jpg","width":1600,"height":900},{"@type":"BreadcrumbList","@id":"https:\/\/quintadopacowinery.pt\/quinta-do-pacos-minha-mae-ana-wines-shine-at-mundus-vini-2025-a-connoisseurs-delight\/#breadcrumb","itemListElement":[{"@type":"ListItem","position":1,"name":"Home","item":"https:\/\/quintadopacowinery.pt\/"},{"@type":"ListItem","position":2,"name":"Quinta do Pa\u00e7o&#8217;s Minha M\u00e3e Ana Wines Shine at Mundus Vini 2025: A Connoisseur&#8217;s Delight"}]},{"@type":"WebSite","@id":"https:\/\/quintadopacowinery.pt\/#website","url":"https:\/\/quintadopacowinery.pt\/","name":"Quinta do Pa\u00e7o","description":"Winery","publisher":{"@id":"https:\/\/quintadopacowinery.pt\/#organization"},"potentialAction":[{"@type":"SearchAction","target":{"@type":"EntryPoint","urlTemplate":"https:\/\/quintadopacowinery.pt\/?s={search_term_string}"},"query-input":{"@type":"PropertyValueSpecification","valueRequired":true,"valueName":"search_term_string"}}],"inLanguage":"pt-PT"},{"@type":"Organization","@id":"https:\/\/quintadopacowinery.pt\/#organization","name":"Quinta do Pa\u00e7o","url":"https:\/\/quintadopacowinery.pt\/","logo":{"@type":"ImageObject","inLanguage":"pt-PT","@id":"https:\/\/quintadopacowinery.pt\/#\/schema\/logo\/image\/","url":"https:\/\/quintadopacowinery.pt\/wp-content\/uploads\/2022\/12\/logo_quinta_paco.svg","contentUrl":"https:\/\/quintadopacowinery.pt\/wp-content\/uploads\/2022\/12\/logo_quinta_paco.svg","width":267,"height":45,"caption":"Quinta do Pa\u00e7o "},"image":{"@id":"https:\/\/quintadopacowinery.pt\/#\/schema\/logo\/image\/"}},{"@type":"Person","@id":"https:\/\/quintadopacowinery.pt\/#\/schema\/person\/22724cff0342ddac533061d54204e91d","name":"admin","image":{"@type":"ImageObject","inLanguage":"pt-PT","@id":"https:\/\/secure.gravatar.com\/avatar\/846e8d048ed9c29fada4b80181dd18b21a9cf5b6f63ba095d95c2530a11fc3db?s=96&d=mm&r=g","url":"https:\/\/secure.gravatar.com\/avatar\/846e8d048ed9c29fada4b80181dd18b21a9cf5b6f63ba095d95c2530a11fc3db?s=96&d=mm&r=g","contentUrl":"https:\/\/secure.gravatar.com\/avatar\/846e8d048ed9c29fada4b80181dd18b21a9cf5b6f63ba095d95c2530a11fc3db?s=96&d=mm&r=g","caption":"admin"},"sameAs":["https:\/\/quintadopacowinery.pt"],"url":"https:\/\/quintadopacowinery.pt\/pt\/author\/admin\/"}]}},"_links":{"self":[{"href":"https:\/\/quintadopacowinery.pt\/pt\/wp-json\/wp\/v2\/posts\/2820","targetHints":{"allow":["GET"]}}],"collection":[{"href":"https:\/\/quintadopacowinery.pt\/pt\/wp-json\/wp\/v2\/posts"}],"about":[{"href":"https:\/\/quintadopacowinery.pt\/pt\/wp-json\/wp\/v2\/types\/post"}],"author":[{"embeddable":true,"href":"https:\/\/quintadopacowinery.pt\/pt\/wp-json\/wp\/v2\/users\/1"}],"replies":[{"embeddable":true,"href":"https:\/\/quintadopacowinery.pt\/pt\/wp-json\/wp\/v2\/comments?post=2820"}],"version-history":[{"count":5,"href":"https:\/\/quintadopacowinery.pt\/pt\/wp-json\/wp\/v2\/posts\/2820\/revisions"}],"predecessor-version":[{"id":2854,"href":"https:\/\/quintadopacowinery.pt\/pt\/wp-json\/wp\/v2\/posts\/2820\/revisions\/2854"}],"wp:featuredmedia":[{"embeddable":true,"href":"https:\/\/quintadopacowinery.pt\/pt\/wp-json\/wp\/v2\/media\/2816"}],"wp:attachment":[{"href":"https:\/\/quintadopacowinery.pt\/pt\/wp-json\/wp\/v2\/media?parent=2820"}],"wp:term":[{"taxonomy":"category","embeddable":true,"href":"https:\/\/quintadopacowinery.pt\/pt\/wp-json\/wp\/v2\/categories?post=2820"},{"taxonomy":"post_tag","embeddable":true,"href":"https:\/\/quintadopacowinery.pt\/pt\/wp-json\/wp\/v2\/tags?post=2820"}],"curies":[{"name":"wp","href":"https:\/\/api.w.org\/{rel}","templated":true}]}}