{"id":2907,"date":"2025-07-19T18:20:58","date_gmt":"2025-07-19T18:20:58","guid":{"rendered":"https:\/\/quintadopacowinery.pt\/?p=2907"},"modified":"2025-08-14T11:24:10","modified_gmt":"2025-08-14T11:24:10","slug":"quinta-do-paco-silver-medal-at-the-marco-2025-wine-competition-a-toast-to-excellence-and-tradition","status":"publish","type":"post","link":"https:\/\/quintadopacowinery.pt\/de\/quinta-do-paco-silver-medal-at-the-marco-2025-wine-competition-a-toast-to-excellence-and-tradition\/","title":{"rendered":"Quinta do Pa\u00e7o: Silbermedaille beim Marco 2025 Weinwettbewerb \u2013 Ein Toast auf Exzellenz und Tradition"},"content":{"rendered":"<div data-elementor-type=\"wp-post\" data-elementor-id=\"2907\" class=\"elementor elementor-2907\" data-elementor-post-type=\"post\">\n\t\t\t\t\t\t<section class=\"elementor-section elementor-top-section elementor-element elementor-element-4dc0fa6 elementor-section-height-min-height elementor-section-stretched elementor-section-full_width elementor-section-items-bottom elementor-section-height-default\" data-id=\"4dc0fa6\" data-element_type=\"section\" data-e-type=\"section\" data-settings=\"{&quot;stretch_section&quot;:&quot;section-stretched&quot;,&quot;background_background&quot;:&quot;classic&quot;}\">\n\t\t\t\t\t\t<div class=\"elementor-container elementor-column-gap-default\">\n\t\t\t\t\t<div class=\"elementor-column elementor-col-100 elementor-top-column elementor-element elementor-element-389cd35\" data-id=\"389cd35\" data-element_type=\"column\" data-e-type=\"column\">\n\t\t\t<div class=\"elementor-widget-wrap\">\n\t\t\t\t\t\t\t<\/div>\n\t\t<\/div>\n\t\t\t\t\t<\/div>\n\t\t<\/section>\n\t\t\t\t<section class=\"elementor-section elementor-top-section elementor-element elementor-element-421cbc0 elementor-section-content-top elementor-section-boxed elementor-section-height-default elementor-section-height-default\" data-id=\"421cbc0\" data-element_type=\"section\" data-e-type=\"section\">\n\t\t\t\t\t\t<div class=\"elementor-container elementor-column-gap-no\">\n\t\t\t\t\t<div class=\"elementor-column elementor-col-66 elementor-top-column elementor-element elementor-element-d2382af\" data-id=\"d2382af\" data-element_type=\"column\" data-e-type=\"column\">\n\t\t\t<div class=\"elementor-widget-wrap elementor-element-populated\">\n\t\t\t\t\t\t<div class=\"elementor-element elementor-element-225bbe0 elementor-widget elementor-widget-heading\" data-id=\"225bbe0\" data-element_type=\"widget\" data-e-type=\"widget\" data-widget_type=\"heading.default\">\n\t\t\t\t<div class=\"elementor-widget-container\">\n\t\t\t\t\t<h1 class=\"elementor-heading-title elementor-size-default\">Quinta do Pa\u00e7o: Silbermedaille beim Marco 2025 Weinwettbewerb \u2013 Ein Toast auf Exzellenz und Tradition<\/h1>\t\t\t\t<\/div>\n\t\t\t\t<\/div>\n\t\t\t\t<div class=\"elementor-element elementor-element-a01fa25 elementor-widget elementor-widget-image\" data-id=\"a01fa25\" data-element_type=\"widget\" data-e-type=\"widget\" data-widget_type=\"image.default\">\n\t\t\t\t<div class=\"elementor-widget-container\">\n\t\t\t\t\t\t\t\t\t\t\t\t\t\t\t<img fetchpriority=\"high\" decoding=\"async\" width=\"2048\" height=\"1140\" src=\"https:\/\/quintadopacowinery.pt\/wp-content\/uploads\/2025\/08\/quinta-do-paco-winery-awarded-silver-in-Marco-Wine-Contest-2025.jpg\" class=\"attachment-full size-full wp-image-2909\" alt=\"\" srcset=\"https:\/\/quintadopacowinery.pt\/wp-content\/uploads\/2025\/08\/quinta-do-paco-winery-awarded-silver-in-Marco-Wine-Contest-2025.jpg 2048w, https:\/\/quintadopacowinery.pt\/wp-content\/uploads\/2025\/08\/quinta-do-paco-winery-awarded-silver-in-Marco-Wine-Contest-2025-300x167.jpg 300w, https:\/\/quintadopacowinery.pt\/wp-content\/uploads\/2025\/08\/quinta-do-paco-winery-awarded-silver-in-Marco-Wine-Contest-2025-1024x570.jpg 1024w, https:\/\/quintadopacowinery.pt\/wp-content\/uploads\/2025\/08\/quinta-do-paco-winery-awarded-silver-in-Marco-Wine-Contest-2025-768x428.jpg 768w, https:\/\/quintadopacowinery.pt\/wp-content\/uploads\/2025\/08\/quinta-do-paco-winery-awarded-silver-in-Marco-Wine-Contest-2025-1536x855.jpg 1536w, https:\/\/quintadopacowinery.pt\/wp-content\/uploads\/2025\/08\/quinta-do-paco-winery-awarded-silver-in-Marco-Wine-Contest-2025-18x10.jpg 18w\" sizes=\"(max-width: 2048px) 100vw, 2048px\" \/>\t\t\t\t\t\t\t\t\t\t\t\t\t\t\t<\/div>\n\t\t\t\t<\/div>\n\t\t\t\t<div class=\"elementor-element elementor-element-57c3278 elementor-widget elementor-widget-text-editor\" data-id=\"57c3278\" data-element_type=\"widget\" data-e-type=\"widget\" data-widget_type=\"text-editor.default\">\n\t\t\t\t<div class=\"elementor-widget-container\">\n\t\t\t\t\t\t\t\t\t<p><span style=\"font-weight: 400;\">Heute teilen wir eine stolze Leistung: Unser Premium-Wein wurde beim Marco 2025 Weinwettbewerb mit einer Silbermedaille ausgezeichnet!\u00a0<\/span><span style=\"font-weight: 400;\">\u00a0<\/span><\/p>\t\t\t\t\t\t\t\t<\/div>\n\t\t\t\t<\/div>\n\t\t\t\t<div class=\"elementor-element elementor-element-5088096 elementor-widget elementor-widget-text-editor\" data-id=\"5088096\" data-element_type=\"widget\" data-e-type=\"widget\" data-widget_type=\"text-editor.default\">\n\t\t\t\t<div class=\"elementor-widget-container\">\n\t\t\t\t\t\t\t\t\t<p><span style=\"font-weight: 400;\">Die Veranstaltung fand am 18. Juli in der renommierten Weinkellerei Adega de Vilacetinho in Alpendorada statt und versammelte eine Jury aus renommierten Experten, die vor allem die Vielfalt und die lange Weinbautradition der Region Marco de Canaveses w\u00fcrdigten.<\/span><\/p>\t\t\t\t\t\t\t\t<\/div>\n\t\t\t\t<\/div>\n\t\t\t\t<div class=\"elementor-element elementor-element-296f567 elementor-widget elementor-widget-text-editor\" data-id=\"296f567\" data-element_type=\"widget\" data-e-type=\"widget\" data-widget_type=\"text-editor.default\">\n\t\t\t\t<div class=\"elementor-widget-container\">\n\t\t\t\t\t\t\t\t\t<p><span style=\"font-weight: 400;\">Der preisgekr\u00f6nte Premium-Wein verk\u00f6rpert dieses Engagement: Zitrus- und Blumennoten, mineralische Eleganz, lebendige S\u00e4ure, alles ausgewogen durch eine seidige Textur und einen erfrischenden Abgang.\u00a0<\/span><\/p>\t\t\t\t\t\t\t\t<\/div>\n\t\t\t\t<\/div>\n\t\t\t\t<div class=\"elementor-element elementor-element-4bd67ac elementor-widget elementor-widget-text-editor\" data-id=\"4bd67ac\" data-element_type=\"widget\" data-e-type=\"widget\" data-widget_type=\"text-editor.default\">\n\t\t\t\t<div class=\"elementor-widget-container\">\n\t\t\t\t\t\t\t\t\t<p><span style=\"font-weight: 400;\">Diese Silbermedaille ist mehr als nur eine Troph\u00e4e f\u00fcr unser Weingut \u2013 sie ist eine Anerkennung f\u00fcr die Kreativit\u00e4t, Authentizit\u00e4t und Leidenschaft, die wir in jede Flasche stecken.\u00a0<\/span><\/p>\t\t\t\t\t\t\t\t<\/div>\n\t\t\t\t<\/div>\n\t\t\t\t<div class=\"elementor-element elementor-element-7d9a4df elementor-widget elementor-widget-text-editor\" data-id=\"7d9a4df\" data-element_type=\"widget\" data-e-type=\"widget\" data-widget_type=\"text-editor.default\">\n\t\t\t\t<div class=\"elementor-widget-container\">\n\t\t\t\t\t\t\t\t\t<p><span style=\"font-weight: 400;\">In einem Wettbewerb, in dem Tradition und Innovation Hand in Hand gehen, erf\u00fcllt es uns mit Stolz, dass unser Wein zu den besten geh\u00f6rt, und inspiriert uns, den Namen Quinta do Pa\u00e7o auf der internationalen Weinstube weiter zu st\u00e4rken.\u00a0<\/span><\/p>\t\t\t\t\t\t\t\t<\/div>\n\t\t\t\t<\/div>\n\t\t\t\t<div class=\"elementor-element elementor-element-5700e28 elementor-widget elementor-widget-text-editor\" data-id=\"5700e28\" data-element_type=\"widget\" data-e-type=\"widget\" data-widget_type=\"text-editor.default\">\n\t\t\t\t<div class=\"elementor-widget-container\">\n\t\t\t\t\t\t\t\t\t<p><span style=\"font-weight: 400;\">We invite you to taste this Premium wine that captivated the judges; more importantly, we invite you to celebrate with us the gastronomic and cultural richness of our region.\u00a0<\/span><\/p>\t\t\t\t\t\t\t\t<\/div>\n\t\t\t\t<\/div>\n\t\t\t\t<div class=\"elementor-element elementor-element-8a6475d elementor-widget elementor-widget-text-editor\" data-id=\"8a6475d\" data-element_type=\"widget\" data-e-type=\"widget\" data-widget_type=\"text-editor.default\">\n\t\t\t\t<div class=\"elementor-widget-container\">\n\t\t\t\t\t\t\t\t\t<p><span style=\"font-weight: 400;\">Verwandeln Sie Ihre n\u00e4chste Mahlzeit in ein unvergessliches Erlebnis und sto\u00dfen Sie mit einem Wein an, der nicht nur die Medaille, sondern auch den Geist von Quinta do Pa\u00e7o in sich tr\u00e4gt.\u00a0<\/span><\/p>\t\t\t\t\t\t\t\t<\/div>\n\t\t\t\t<\/div>\n\t\t\t\t<div class=\"elementor-element elementor-element-d53ffcf elementor-widget elementor-widget-text-editor\" data-id=\"d53ffcf\" data-element_type=\"widget\" data-e-type=\"widget\" data-widget_type=\"text-editor.default\">\n\t\t\t\t<div class=\"elementor-widget-container\">\n\t\t\t\t\t\t\t\t\t<p><span style=\"font-weight: 400;\">An alle, die uns auf diesem Weg unterst\u00fctzt haben, unseren herzlichen Dank. Diese Silbermedaille ... geh\u00f6rt uns allen.\u00a0<\/span><\/p>\t\t\t\t\t\t\t\t<\/div>\n\t\t\t\t<\/div>\n\t\t\t\t<div class=\"elementor-element elementor-element-d2f51ac elementor-widget elementor-widget-text-editor\" data-id=\"d2f51ac\" data-element_type=\"widget\" data-e-type=\"widget\" data-widget_type=\"text-editor.default\">\n\t\t\t\t<div class=\"elementor-widget-container\">\n\t\t\t\t\t\t\t\t\t<p><span style=\"font-weight: 400;\">Heben Sie mit uns das Glas auf den Geschmack von etwas, das wirklich authentisch, frisch und ganz und gar unser ist!<\/span><\/p>\t\t\t\t\t\t\t\t<\/div>\n\t\t\t\t<\/div>\n\t\t\t\t<div class=\"elementor-element elementor-element-faa35f9 elementor-widget elementor-widget-text-editor\" data-id=\"faa35f9\" data-element_type=\"widget\" data-e-type=\"widget\" data-widget_type=\"text-editor.default\">\n\t\t\t\t<div class=\"elementor-widget-container\">\n\t\t\t\t\t\t\t\t\t<p>\ud83d\udc49 <span style=\"color: #003300;\"><a style=\"color: #003300;\" href=\"https:\/\/quintadopacowinery.pt\/de\/wines-quinta-do-paco\/\">https:\/\/quintadopacowinery.pt\/wines-quinta-do-paco\/<\/a>\u00a0<\/span><\/p><p><span style=\"font-weight: 400;\">Folgen Sie uns auf Instagram: <\/span><span style=\"color: #003300;\"><a style=\"color: #003300;\" href=\"https:\/\/www.instagram.com\/quintadopacowinery\/\"><span style=\"font-weight: 400;\">https:\/\/www.instagram.com\/quintadopacowinery\/<\/span><\/a> <\/span><\/p>\t\t\t\t\t\t\t\t<\/div>\n\t\t\t\t<\/div>\n\t\t\t\t<div class=\"elementor-element elementor-element-6887ecf elementor-widget-divider--view-line elementor-widget elementor-widget-divider\" data-id=\"6887ecf\" data-element_type=\"widget\" data-e-type=\"widget\" data-widget_type=\"divider.default\">\n\t\t\t\t<div class=\"elementor-widget-container\">\n\t\t\t\t\t\t\t<div class=\"elementor-divider\">\n\t\t\t<span class=\"elementor-divider-separator\">\n\t\t\t\t\t\t<\/span>\n\t\t<\/div>\n\t\t\t\t\t\t<\/div>\n\t\t\t\t<\/div>\n\t\t\t\t<div class=\"elementor-element elementor-element-395846e elementor-widget elementor-widget-text-editor\" data-id=\"395846e\" data-element_type=\"widget\" data-e-type=\"widget\" data-widget_type=\"text-editor.default\">\n\t\t\t\t<div class=\"elementor-widget-container\">\n\t\t\t\t\t\t\t\t\t<p style=\"text-align: center;\">Allow us to present to you the esteemed Minha M\u00e3e Ana, a Vinho Verde that has been honoured with an award in 2023, 2024 and 2025.<\/p>\t\t\t\t\t\t\t\t<\/div>\n\t\t\t\t<\/div>\n\t\t\t\t<div class=\"elementor-element elementor-element-ab8b140 elementor-align-center elementor-widget elementor-widget-button\" data-id=\"ab8b140\" data-element_type=\"widget\" data-e-type=\"widget\" data-widget_type=\"button.default\">\n\t\t\t\t<div class=\"elementor-widget-container\">\n\t\t\t\t\t\t\t\t\t<div class=\"elementor-button-wrapper\">\n\t\t\t\t\t<a class=\"elementor-button elementor-button-link elementor-size-md\" href=\"https:\/\/quintadopacowinery.pt\/de\/wines\/\">\n\t\t\t\t\t\t<span class=\"elementor-button-content-wrapper\">\n\t\t\t\t\t\t\t\t\t<span class=\"elementor-button-text\">Weinhandlung<\/span>\n\t\t\t\t\t<\/span>\n\t\t\t\t\t<\/a>\n\t\t\t\t<\/div>\n\t\t\t\t\t\t\t\t<\/div>\n\t\t\t\t<\/div>\n\t\t\t\t<div class=\"elementor-element elementor-element-bdb058d elementor-widget-divider--view-line elementor-widget elementor-widget-divider\" data-id=\"bdb058d\" data-element_type=\"widget\" data-e-type=\"widget\" data-widget_type=\"divider.default\">\n\t\t\t\t<div class=\"elementor-widget-container\">\n\t\t\t\t\t\t\t<div class=\"elementor-divider\">\n\t\t\t<span class=\"elementor-divider-separator\">\n\t\t\t\t\t\t<\/span>\n\t\t<\/div>\n\t\t\t\t\t\t<\/div>\n\t\t\t\t<\/div>\n\t\t\t\t\t<\/div>\n\t\t<\/div>\n\t\t\t\t<div class=\"elementor-column elementor-col-33 elementor-top-column elementor-element elementor-element-3823bc6\" data-id=\"3823bc6\" data-element_type=\"column\" data-e-type=\"column\" data-settings=\"{&quot;background_background&quot;:&quot;classic&quot;}\">\n\t\t\t<div class=\"elementor-widget-wrap elementor-element-populated\">\n\t\t\t\t\t\t<div class=\"elementor-element elementor-element-4776e5f elementor-widget elementor-widget-heading\" data-id=\"4776e5f\" data-element_type=\"widget\" data-e-type=\"widget\" data-widget_type=\"heading.default\">\n\t\t\t\t<div class=\"elementor-widget-container\">\n\t\t\t\t\t<h2 class=\"elementor-heading-title elementor-size-default\">Am beliebtesten<\/h2>\t\t\t\t<\/div>\n\t\t\t\t<\/div>\n\t\t\t\t<div class=\"elementor-element elementor-element-4387d70 elementor-grid-1 elementor-grid-tablet-3 elementor-grid-mobile-1 elementor-posts--thumbnail-top elementor-widget elementor-widget-posts\" data-id=\"4387d70\" data-element_type=\"widget\" data-e-type=\"widget\" data-settings=\"{&quot;classic_columns&quot;:&quot;1&quot;,&quot;classic_columns_tablet&quot;:&quot;3&quot;,&quot;classic_row_gap&quot;:{&quot;unit&quot;:&quot;px&quot;,&quot;size&quot;:30,&quot;sizes&quot;:[]},&quot;classic_columns_mobile&quot;:&quot;1&quot;,&quot;classic_row_gap_tablet&quot;:{&quot;unit&quot;:&quot;px&quot;,&quot;size&quot;:&quot;&quot;,&quot;sizes&quot;:[]},&quot;classic_row_gap_mobile&quot;:{&quot;unit&quot;:&quot;px&quot;,&quot;size&quot;:&quot;&quot;,&quot;sizes&quot;:[]}}\" data-widget_type=\"posts.classic\">\n\t\t\t\t<div class=\"elementor-widget-container\">\n\t\t\t\t\t\t\t<div class=\"elementor-posts-container elementor-posts elementor-posts--skin-classic elementor-grid\" role=\"list\">\n\t\t\t\t<article class=\"elementor-post elementor-grid-item post-2956 post type-post status-publish format-standard has-post-thumbnail hentry category-paco-news tag-harvest\" role=\"listitem\">\n\t\t\t\t<a class=\"elementor-post__thumbnail__link\" href=\"https:\/\/quintadopacowinery.pt\/de\/2025-harvest-new-grape-varieties-and-family-spirit-at-quinta-do-paco\/\" tabindex=\"-1\" >\n\t\t\t<div class=\"elementor-post__thumbnail\"><img decoding=\"async\" width=\"2048\" height=\"1365\" src=\"https:\/\/quintadopacowinery.pt\/wp-content\/uploads\/2025\/09\/KL_02830-2048x1365.jpeg\" class=\"attachment-2048x2048 size-2048x2048 wp-image-2950\" alt=\"2025 Harvest: New Grape Varieties and Family Spirit at Quinta do Pa\u00e7o\" srcset=\"https:\/\/quintadopacowinery.pt\/wp-content\/uploads\/2025\/09\/KL_02830-2048x1365.jpeg 2048w, https:\/\/quintadopacowinery.pt\/wp-content\/uploads\/2025\/09\/KL_02830-300x200.jpeg 300w, https:\/\/quintadopacowinery.pt\/wp-content\/uploads\/2025\/09\/KL_02830-1024x683.jpeg 1024w, https:\/\/quintadopacowinery.pt\/wp-content\/uploads\/2025\/09\/KL_02830-768x512.jpeg 768w, https:\/\/quintadopacowinery.pt\/wp-content\/uploads\/2025\/09\/KL_02830-1536x1024.jpeg 1536w, https:\/\/quintadopacowinery.pt\/wp-content\/uploads\/2025\/09\/KL_02830-18x12.jpeg 18w\" sizes=\"(max-width: 2048px) 100vw, 2048px\" \/><\/div>\n\t\t<\/a>\n\t\t\t\t<div class=\"elementor-post__text\">\n\t\t\t\t<h3 class=\"elementor-post__title\">\n\t\t\t<a href=\"https:\/\/quintadopacowinery.pt\/de\/2025-harvest-new-grape-varieties-and-family-spirit-at-quinta-do-paco\/\" >\n\t\t\t\tErnte 2025: Neue Rebsorten und Familiengeist auf der Quinta do Pa\u00e7o\t\t\t<\/a>\n\t\t<\/h3>\n\t\t\n\t\t<a class=\"elementor-post__read-more\" href=\"https:\/\/quintadopacowinery.pt\/de\/2025-harvest-new-grape-varieties-and-family-spirit-at-quinta-do-paco\/\" aria-label=\"Mehr \u00fcber 2025 Harvest: New Grape Varieties and Family Spirit at Quinta do Pa\u00e7o\" tabindex=\"-1\" >\n\t\t\tMehr erfahren\t\t<\/a>\n\n\t\t\t\t<\/div>\n\t\t\t\t<\/article>\n\t\t\t\t<article class=\"elementor-post elementor-grid-item post-2920 post type-post status-publish format-standard has-post-thumbnail hentry category-paco-news tag-awards\" role=\"listitem\">\n\t\t\t\t<a class=\"elementor-post__thumbnail__link\" href=\"https:\/\/quintadopacowinery.pt\/de\/a-toast-to-summer-sunset-laughter-and-ana-wines-at-quinta-do-casal-da-silva\/\" tabindex=\"-1\" >\n\t\t\t<div class=\"elementor-post__thumbnail\"><img decoding=\"async\" width=\"1536\" height=\"2048\" src=\"https:\/\/quintadopacowinery.pt\/wp-content\/uploads\/2025\/08\/Quinta-do-Paco-ANA-wines-at-Quinta-Casal-da-Silva-sunset--1536x2048.jpg\" class=\"attachment-2048x2048 size-2048x2048 wp-image-2908\" alt=\"\" srcset=\"https:\/\/quintadopacowinery.pt\/wp-content\/uploads\/2025\/08\/Quinta-do-Paco-ANA-wines-at-Quinta-Casal-da-Silva-sunset--1536x2048.jpg 1536w, https:\/\/quintadopacowinery.pt\/wp-content\/uploads\/2025\/08\/Quinta-do-Paco-ANA-wines-at-Quinta-Casal-da-Silva-sunset--225x300.jpg 225w, https:\/\/quintadopacowinery.pt\/wp-content\/uploads\/2025\/08\/Quinta-do-Paco-ANA-wines-at-Quinta-Casal-da-Silva-sunset--768x1024.jpg 768w, https:\/\/quintadopacowinery.pt\/wp-content\/uploads\/2025\/08\/Quinta-do-Paco-ANA-wines-at-Quinta-Casal-da-Silva-sunset--1152x1536.jpg 1152w, https:\/\/quintadopacowinery.pt\/wp-content\/uploads\/2025\/08\/Quinta-do-Paco-ANA-wines-at-Quinta-Casal-da-Silva-sunset--9x12.jpg 9w, https:\/\/quintadopacowinery.pt\/wp-content\/uploads\/2025\/08\/Quinta-do-Paco-ANA-wines-at-Quinta-Casal-da-Silva-sunset--scaled.jpg 1920w\" sizes=\"(max-width: 1536px) 100vw, 1536px\" \/><\/div>\n\t\t<\/a>\n\t\t\t\t<div class=\"elementor-post__text\">\n\t\t\t\t<h3 class=\"elementor-post__title\">\n\t\t\t<a href=\"https:\/\/quintadopacowinery.pt\/de\/a-toast-to-summer-sunset-laughter-and-ana-wines-at-quinta-do-casal-da-silva\/\" >\n\t\t\t\tEin Toast auf den Sommer: Sonnenuntergang, Gel\u00e4chter und ANA WINES in der Quinta do Casal da Silva\t\t\t<\/a>\n\t\t<\/h3>\n\t\t\n\t\t<a class=\"elementor-post__read-more\" href=\"https:\/\/quintadopacowinery.pt\/de\/a-toast-to-summer-sunset-laughter-and-ana-wines-at-quinta-do-casal-da-silva\/\" aria-label=\"Mehr \u00fcber A Toast to Summer: Sunset, Laughter and ANA WINES at Quinta do Casal da Silva\" tabindex=\"-1\" >\n\t\t\tMehr erfahren\t\t<\/a>\n\n\t\t\t\t<\/div>\n\t\t\t\t<\/article>\n\t\t\t\t<article class=\"elementor-post elementor-grid-item post-2907 post type-post status-publish format-standard has-post-thumbnail hentry category-paco-news tag-awards\" role=\"listitem\">\n\t\t\t\t<a class=\"elementor-post__thumbnail__link\" href=\"https:\/\/quintadopacowinery.pt\/de\/quinta-do-paco-silver-medal-at-the-marco-2025-wine-competition-a-toast-to-excellence-and-tradition\/\" tabindex=\"-1\" >\n\t\t\t<div class=\"elementor-post__thumbnail\"><img loading=\"lazy\" decoding=\"async\" width=\"2048\" height=\"1140\" src=\"https:\/\/quintadopacowinery.pt\/wp-content\/uploads\/2025\/08\/quinta-do-paco-winery-awarded-silver-in-Marco-Wine-Contest-2025.jpg\" class=\"attachment-2048x2048 size-2048x2048 wp-image-2909\" alt=\"\" srcset=\"https:\/\/quintadopacowinery.pt\/wp-content\/uploads\/2025\/08\/quinta-do-paco-winery-awarded-silver-in-Marco-Wine-Contest-2025.jpg 2048w, https:\/\/quintadopacowinery.pt\/wp-content\/uploads\/2025\/08\/quinta-do-paco-winery-awarded-silver-in-Marco-Wine-Contest-2025-300x167.jpg 300w, https:\/\/quintadopacowinery.pt\/wp-content\/uploads\/2025\/08\/quinta-do-paco-winery-awarded-silver-in-Marco-Wine-Contest-2025-1024x570.jpg 1024w, https:\/\/quintadopacowinery.pt\/wp-content\/uploads\/2025\/08\/quinta-do-paco-winery-awarded-silver-in-Marco-Wine-Contest-2025-768x428.jpg 768w, https:\/\/quintadopacowinery.pt\/wp-content\/uploads\/2025\/08\/quinta-do-paco-winery-awarded-silver-in-Marco-Wine-Contest-2025-1536x855.jpg 1536w, https:\/\/quintadopacowinery.pt\/wp-content\/uploads\/2025\/08\/quinta-do-paco-winery-awarded-silver-in-Marco-Wine-Contest-2025-18x10.jpg 18w\" sizes=\"(max-width: 2048px) 100vw, 2048px\" \/><\/div>\n\t\t<\/a>\n\t\t\t\t<div class=\"elementor-post__text\">\n\t\t\t\t<h3 class=\"elementor-post__title\">\n\t\t\t<a href=\"https:\/\/quintadopacowinery.pt\/de\/quinta-do-paco-silver-medal-at-the-marco-2025-wine-competition-a-toast-to-excellence-and-tradition\/\" >\n\t\t\t\tQuinta do Pa\u00e7o: Silbermedaille beim Marco 2025 Weinwettbewerb \u2013 Ein Toast auf Exzellenz und Tradition\t\t\t<\/a>\n\t\t<\/h3>\n\t\t\n\t\t<a class=\"elementor-post__read-more\" href=\"https:\/\/quintadopacowinery.pt\/de\/quinta-do-paco-silver-medal-at-the-marco-2025-wine-competition-a-toast-to-excellence-and-tradition\/\" aria-label=\"Mehr \u00fcber Quinta do Pa\u00e7o: Silver Medal at the Marco 2025 Wine Competition \u2014 A Toast to Excellence and Tradition\" tabindex=\"-1\" >\n\t\t\tMehr erfahren\t\t<\/a>\n\n\t\t\t\t<\/div>\n\t\t\t\t<\/article>\n\t\t\t\t<\/div>\n\t\t\n\t\t\t\t\t\t<\/div>\n\t\t\t\t<\/div>\n\t\t\t\t\t<\/div>\n\t\t<\/div>\n\t\t\t\t\t<\/div>\n\t\t<\/section>\n\t\t\t\t<section class=\"elementor-section elementor-top-section elementor-element elementor-element-cf36b56 elementor-section-boxed elementor-section-height-default elementor-section-height-default\" data-id=\"cf36b56\" data-element_type=\"section\" data-e-type=\"section\">\n\t\t\t\t\t\t<div class=\"elementor-container elementor-column-gap-default\">\n\t\t\t\t\t<div class=\"elementor-column elementor-col-100 elementor-top-column elementor-element elementor-element-7f84699\" data-id=\"7f84699\" data-element_type=\"column\" data-e-type=\"column\">\n\t\t\t<div class=\"elementor-widget-wrap elementor-element-populated\">\n\t\t\t\t\t\t<section class=\"elementor-section elementor-inner-section elementor-element elementor-element-e6d484a elementor-section-boxed elementor-section-height-default elementor-section-height-default\" data-id=\"e6d484a\" data-element_type=\"section\" data-e-type=\"section\">\n\t\t\t\t\t\t<div class=\"elementor-container elementor-column-gap-default\">\n\t\t\t\t\t<div class=\"elementor-column elementor-col-50 elementor-inner-column elementor-element elementor-element-0e111f2\" data-id=\"0e111f2\" data-element_type=\"column\" data-e-type=\"column\">\n\t\t\t<div class=\"elementor-widget-wrap elementor-element-populated\">\n\t\t\t\t\t\t<div class=\"elementor-element elementor-element-c0d48a5 elementor-widget elementor-widget-heading\" data-id=\"c0d48a5\" data-element_type=\"widget\" data-e-type=\"widget\" data-widget_type=\"heading.default\">\n\t\t\t\t<div class=\"elementor-widget-container\">\n\t\t\t\t\t<h2 class=\"elementor-heading-title elementor-size-default\">Teilen<\/h2>\t\t\t\t<\/div>\n\t\t\t\t<\/div>\n\t\t\t\t\t<\/div>\n\t\t<\/div>\n\t\t\t\t<div class=\"elementor-column elementor-col-50 elementor-inner-column elementor-element elementor-element-6c9f734\" data-id=\"6c9f734\" data-element_type=\"column\" data-e-type=\"column\">\n\t\t\t<div class=\"elementor-widget-wrap elementor-element-populated\">\n\t\t\t\t\t\t<div class=\"elementor-element elementor-element-2c206f0 elementor-share-buttons--skin-framed elementor-share-buttons--color-custom elementor-share-buttons--view-icon-text elementor-share-buttons--shape-square elementor-grid-0 elementor-widget elementor-widget-share-buttons\" data-id=\"2c206f0\" data-element_type=\"widget\" data-e-type=\"widget\" data-widget_type=\"share-buttons.default\">\n\t\t\t\t<div class=\"elementor-widget-container\">\n\t\t\t\t\t\t\t<div class=\"elementor-grid\" role=\"list\">\n\t\t\t\t\t\t\t\t<div class=\"elementor-grid-item\" role=\"listitem\">\n\t\t\t\t\t\t<div class=\"elementor-share-btn elementor-share-btn_whatsapp\" role=\"button\" tabindex=\"0\" aria-label=\"Share on whatsapp\">\n\t\t\t\t\t\t\t\t\t\t\t\t\t\t\t<span class=\"elementor-share-btn__icon\">\n\t\t\t\t\t\t\t\t<i class=\"fab fa-whatsapp\" aria-hidden=\"true\"><\/i>\t\t\t\t\t\t\t<\/span>\n\t\t\t\t\t\t\t\t\t\t\t\t\t\t\t\t\t\t\t\t\t\t<div class=\"elementor-share-btn__text\">\n\t\t\t\t\t\t\t\t\t\t\t\t\t\t\t\t\t\t\t<span class=\"elementor-share-btn__title\">\n\t\t\t\t\t\t\t\t\t\tWhatsApp\t\t\t\t\t\t\t\t\t<\/span>\n\t\t\t\t\t\t\t\t\t\t\t\t\t\t\t\t\t<\/div>\n\t\t\t\t\t\t\t\t\t\t\t\t\t<\/div>\n\t\t\t\t\t<\/div>\n\t\t\t\t\t\t\t\t\t<div class=\"elementor-grid-item\" role=\"listitem\">\n\t\t\t\t\t\t<div class=\"elementor-share-btn elementor-share-btn_telegram\" role=\"button\" tabindex=\"0\" aria-label=\"Share on telegram\">\n\t\t\t\t\t\t\t\t\t\t\t\t\t\t\t<span class=\"elementor-share-btn__icon\">\n\t\t\t\t\t\t\t\t<i class=\"fab fa-telegram\" aria-hidden=\"true\"><\/i>\t\t\t\t\t\t\t<\/span>\n\t\t\t\t\t\t\t\t\t\t\t\t\t\t\t\t\t\t\t\t\t\t<div class=\"elementor-share-btn__text\">\n\t\t\t\t\t\t\t\t\t\t\t\t\t\t\t\t\t\t\t<span class=\"elementor-share-btn__title\">\n\t\t\t\t\t\t\t\t\t\tTelegram\t\t\t\t\t\t\t\t\t<\/span>\n\t\t\t\t\t\t\t\t\t\t\t\t\t\t\t\t\t<\/div>\n\t\t\t\t\t\t\t\t\t\t\t\t\t<\/div>\n\t\t\t\t\t<\/div>\n\t\t\t\t\t\t\t\t\t<div class=\"elementor-grid-item\" role=\"listitem\">\n\t\t\t\t\t\t<div class=\"elementor-share-btn elementor-share-btn_facebook\" role=\"button\" tabindex=\"0\" aria-label=\"Share on facebook\">\n\t\t\t\t\t\t\t\t\t\t\t\t\t\t\t<span class=\"elementor-share-btn__icon\">\n\t\t\t\t\t\t\t\t<i class=\"fab fa-facebook\" aria-hidden=\"true\"><\/i>\t\t\t\t\t\t\t<\/span>\n\t\t\t\t\t\t\t\t\t\t\t\t\t\t\t\t\t\t\t\t\t\t<div class=\"elementor-share-btn__text\">\n\t\t\t\t\t\t\t\t\t\t\t\t\t\t\t\t\t\t\t<span class=\"elementor-share-btn__title\">\n\t\t\t\t\t\t\t\t\t\tFacebook\t\t\t\t\t\t\t\t\t<\/span>\n\t\t\t\t\t\t\t\t\t\t\t\t\t\t\t\t\t<\/div>\n\t\t\t\t\t\t\t\t\t\t\t\t\t<\/div>\n\t\t\t\t\t<\/div>\n\t\t\t\t\t\t\t\t\t<div class=\"elementor-grid-item\" role=\"listitem\">\n\t\t\t\t\t\t<div class=\"elementor-share-btn elementor-share-btn_linkedin\" role=\"button\" tabindex=\"0\" aria-label=\"Share on linkedin\">\n\t\t\t\t\t\t\t\t\t\t\t\t\t\t\t<span class=\"elementor-share-btn__icon\">\n\t\t\t\t\t\t\t\t<i class=\"fab fa-linkedin\" aria-hidden=\"true\"><\/i>\t\t\t\t\t\t\t<\/span>\n\t\t\t\t\t\t\t\t\t\t\t\t\t\t\t\t\t\t\t\t\t\t<div class=\"elementor-share-btn__text\">\n\t\t\t\t\t\t\t\t\t\t\t\t\t\t\t\t\t\t\t<span class=\"elementor-share-btn__title\">\n\t\t\t\t\t\t\t\t\t\tLinkedIn\t\t\t\t\t\t\t\t\t<\/span>\n\t\t\t\t\t\t\t\t\t\t\t\t\t\t\t\t\t<\/div>\n\t\t\t\t\t\t\t\t\t\t\t\t\t<\/div>\n\t\t\t\t\t<\/div>\n\t\t\t\t\t\t\t\t\t<div class=\"elementor-grid-item\" role=\"listitem\">\n\t\t\t\t\t\t<div class=\"elementor-share-btn elementor-share-btn_email\" role=\"button\" tabindex=\"0\" aria-label=\"Share on email\">\n\t\t\t\t\t\t\t\t\t\t\t\t\t\t\t<span class=\"elementor-share-btn__icon\">\n\t\t\t\t\t\t\t\t<i class=\"fas fa-envelope\" aria-hidden=\"true\"><\/i>\t\t\t\t\t\t\t<\/span>\n\t\t\t\t\t\t\t\t\t\t\t\t\t\t\t\t\t\t\t\t\t\t<div class=\"elementor-share-btn__text\">\n\t\t\t\t\t\t\t\t\t\t\t\t\t\t\t\t\t\t\t<span class=\"elementor-share-btn__title\">\n\t\t\t\t\t\t\t\t\t\tEmail\t\t\t\t\t\t\t\t\t<\/span>\n\t\t\t\t\t\t\t\t\t\t\t\t\t\t\t\t\t<\/div>\n\t\t\t\t\t\t\t\t\t\t\t\t\t<\/div>\n\t\t\t\t\t<\/div>\n\t\t\t\t\t\t<\/div>\n\t\t\t\t\t\t<\/div>\n\t\t\t\t<\/div>\n\t\t\t\t\t<\/div>\n\t\t<\/div>\n\t\t\t\t\t<\/div>\n\t\t<\/section>\n\t\t\t\t\t<\/div>\n\t\t<\/div>\n\t\t\t\t\t<\/div>\n\t\t<\/section>\n\t\t\t\t<section class=\"elementor-section elementor-top-section elementor-element elementor-element-18a0c26 elementor-section-height-min-height elementor-section-stretched elementor-section-full_width elementor-section-items-bottom elementor-section-height-default\" data-id=\"18a0c26\" data-element_type=\"section\" data-e-type=\"section\" data-settings=\"{&quot;stretch_section&quot;:&quot;section-stretched&quot;,&quot;background_background&quot;:&quot;classic&quot;}\">\n\t\t\t\t\t\t<div class=\"elementor-container elementor-column-gap-default\">\n\t\t\t\t\t<div class=\"elementor-column elementor-col-100 elementor-top-column elementor-element elementor-element-f4d027d\" data-id=\"f4d027d\" data-element_type=\"column\" data-e-type=\"column\">\n\t\t\t<div class=\"elementor-widget-wrap elementor-element-populated\">\n\t\t\t\t\t\t<div class=\"elementor-element elementor-element-905268f elementor-invisible elementor-widget elementor-widget-heading\" data-id=\"905268f\" data-element_type=\"widget\" data-e-type=\"widget\" data-settings=\"{&quot;_animation&quot;:&quot;fadeIn&quot;,&quot;_animation_delay&quot;:&quot;400&quot;}\" data-widget_type=\"heading.default\">\n\t\t\t\t<div class=\"elementor-widget-container\">\n\t\t\t\t\t<h1 class=\"elementor-heading-title elementor-size-default\">eine Flasche aufmachen<\/h1>\t\t\t\t<\/div>\n\t\t\t\t<\/div>\n\t\t\t\t<div class=\"elementor-element elementor-element-ed06c71 elementor-invisible elementor-widget elementor-widget-button\" data-id=\"ed06c71\" data-element_type=\"widget\" data-e-type=\"widget\" data-settings=\"{&quot;_animation&quot;:&quot;fadeIn&quot;,&quot;_animation_delay&quot;:&quot;600&quot;}\" data-widget_type=\"button.default\">\n\t\t\t\t<div class=\"elementor-widget-container\">\n\t\t\t\t\t\t\t\t\t<div class=\"elementor-button-wrapper\">\n\t\t\t\t\t<a class=\"elementor-button elementor-button-link elementor-size-sm elementor-animation-grow\" href=\"https:\/\/quintadopacowinery.pt\/de\/wines\/\">\n\t\t\t\t\t\t<span class=\"elementor-button-content-wrapper\">\n\t\t\t\t\t\t<span class=\"elementor-button-icon\">\n\t\t\t\t<i aria-hidden=\"true\" class=\"fas fa-arrow-right\"><\/i>\t\t\t<\/span>\n\t\t\t\t\t\t\t\t\t<span class=\"elementor-button-text\">Online store<\/span>\n\t\t\t\t\t<\/span>\n\t\t\t\t\t<\/a>\n\t\t\t\t<\/div>\n\t\t\t\t\t\t\t\t<\/div>\n\t\t\t\t<\/div>\n\t\t\t\t\t<\/div>\n\t\t<\/div>\n\t\t\t\t\t<\/div>\n\t\t<\/section>\n\t\t\t\t<\/div>","protected":false},"excerpt":{"rendered":"<p>Today, we share a proud achievement: our Premium wine received a silver medal at the Marco 2025 Wine Competition!\u00a0\u00a0 The event took place on 18<\/p>","protected":false},"author":2,"featured_media":2909,"comment_status":"closed","ping_status":"open","sticky":false,"template":"","format":"standard","meta":{"footnotes":""},"categories":[28],"tags":[33],"class_list":["post-2907","post","type-post","status-publish","format-standard","has-post-thumbnail","hentry","category-paco-news","tag-awards"],"yoast_head":"<!-- This site is optimized with the Yoast SEO plugin v27.5 - https:\/\/yoast.com\/product\/yoast-seo-wordpress\/ -->\n<title>Quinta do Pa\u00e7o: Silver Medal at the Marco 2025 Wine Competition \u2014 A Toast to Excellence and Tradition - Quinta do Pa\u00e7o<\/title>\n<meta name=\"description\" content=\"Today, we share a proud achievement: our Premium wine received a silver medal at the Marco 2025 Wine Competition!\" \/>\n<meta name=\"robots\" content=\"index, follow, max-snippet:-1, max-image-preview:large, max-video-preview:-1\" \/>\n<link rel=\"canonical\" href=\"https:\/\/quintadopacowinery.pt\/de\/quinta-do-paco-silver-medal-at-the-marco-2025-wine-competition-a-toast-to-excellence-and-tradition\/\" \/>\n<meta property=\"og:locale\" content=\"de_DE\" \/>\n<meta property=\"og:type\" content=\"article\" \/>\n<meta property=\"og:title\" content=\"Quinta do Pa\u00e7o: Silver Medal at the Marco 2025 Wine Competition \u2014 A Toast to Excellence and Tradition - Quinta do Pa\u00e7o\" \/>\n<meta property=\"og:description\" content=\"Today, we share a proud achievement: our Premium wine received a silver medal at the Marco 2025 Wine Competition!\" \/>\n<meta property=\"og:url\" content=\"https:\/\/quintadopacowinery.pt\/de\/quinta-do-paco-silver-medal-at-the-marco-2025-wine-competition-a-toast-to-excellence-and-tradition\/\" \/>\n<meta property=\"og:site_name\" content=\"Quinta do Pa\u00e7o\" \/>\n<meta property=\"article:published_time\" content=\"2025-07-19T18:20:58+00:00\" \/>\n<meta property=\"article:modified_time\" content=\"2025-08-14T11:24:10+00:00\" \/>\n<meta property=\"og:image\" content=\"https:\/\/quintadopacowinery.pt\/wp-content\/uploads\/2025\/08\/quinta-do-paco-winery-awarded-silver-in-Marco-Wine-Contest-2025.jpg\" \/>\n\t<meta property=\"og:image:width\" content=\"2048\" \/>\n\t<meta property=\"og:image:height\" content=\"1140\" \/>\n\t<meta property=\"og:image:type\" content=\"image\/jpeg\" \/>\n<meta name=\"author\" content=\"Francisco\" \/>\n<meta name=\"twitter:card\" content=\"summary_large_image\" \/>\n<meta name=\"twitter:label1\" content=\"Verfasst von\" \/>\n\t<meta name=\"twitter:data1\" content=\"Francisco\" \/>\n\t<meta name=\"twitter:label2\" content=\"Gesch\u00e4tzte Lesezeit\" \/>\n\t<meta name=\"twitter:data2\" content=\"2\u00a0Minuten\" \/>\n<script type=\"application\/ld+json\" class=\"yoast-schema-graph\">{\"@context\":\"https:\\\/\\\/schema.org\",\"@graph\":[{\"@type\":\"Article\",\"@id\":\"https:\\\/\\\/quintadopacowinery.pt\\\/quinta-do-paco-silver-medal-at-the-marco-2025-wine-competition-a-toast-to-excellence-and-tradition\\\/#article\",\"isPartOf\":{\"@id\":\"https:\\\/\\\/quintadopacowinery.pt\\\/quinta-do-paco-silver-medal-at-the-marco-2025-wine-competition-a-toast-to-excellence-and-tradition\\\/\"},\"author\":{\"name\":\"Francisco\",\"@id\":\"https:\\\/\\\/quintadopacowinery.pt\\\/#\\\/schema\\\/person\\\/f51884868ed9899c653ccd086500d9dc\"},\"headline\":\"Quinta do Pa\u00e7o: Silver Medal at the Marco 2025 Wine Competition \u2014 A Toast to Excellence and Tradition\",\"datePublished\":\"2025-07-19T18:20:58+00:00\",\"dateModified\":\"2025-08-14T11:24:10+00:00\",\"mainEntityOfPage\":{\"@id\":\"https:\\\/\\\/quintadopacowinery.pt\\\/quinta-do-paco-silver-medal-at-the-marco-2025-wine-competition-a-toast-to-excellence-and-tradition\\\/\"},\"wordCount\":312,\"publisher\":{\"@id\":\"https:\\\/\\\/quintadopacowinery.pt\\\/#organization\"},\"image\":{\"@id\":\"https:\\\/\\\/quintadopacowinery.pt\\\/quinta-do-paco-silver-medal-at-the-marco-2025-wine-competition-a-toast-to-excellence-and-tradition\\\/#primaryimage\"},\"thumbnailUrl\":\"https:\\\/\\\/quintadopacowinery.pt\\\/wp-content\\\/uploads\\\/2025\\\/08\\\/quinta-do-paco-winery-awarded-silver-in-Marco-Wine-Contest-2025.jpg\",\"keywords\":[\"Awards\"],\"articleSection\":[\"Pa\u00e7o News\"],\"inLanguage\":\"de\"},{\"@type\":\"WebPage\",\"@id\":\"https:\\\/\\\/quintadopacowinery.pt\\\/quinta-do-paco-silver-medal-at-the-marco-2025-wine-competition-a-toast-to-excellence-and-tradition\\\/\",\"url\":\"https:\\\/\\\/quintadopacowinery.pt\\\/quinta-do-paco-silver-medal-at-the-marco-2025-wine-competition-a-toast-to-excellence-and-tradition\\\/\",\"name\":\"Quinta do Pa\u00e7o: Silver Medal at the Marco 2025 Wine Competition \u2014 A Toast to Excellence and Tradition - Quinta do Pa\u00e7o\",\"isPartOf\":{\"@id\":\"https:\\\/\\\/quintadopacowinery.pt\\\/#website\"},\"primaryImageOfPage\":{\"@id\":\"https:\\\/\\\/quintadopacowinery.pt\\\/quinta-do-paco-silver-medal-at-the-marco-2025-wine-competition-a-toast-to-excellence-and-tradition\\\/#primaryimage\"},\"image\":{\"@id\":\"https:\\\/\\\/quintadopacowinery.pt\\\/quinta-do-paco-silver-medal-at-the-marco-2025-wine-competition-a-toast-to-excellence-and-tradition\\\/#primaryimage\"},\"thumbnailUrl\":\"https:\\\/\\\/quintadopacowinery.pt\\\/wp-content\\\/uploads\\\/2025\\\/08\\\/quinta-do-paco-winery-awarded-silver-in-Marco-Wine-Contest-2025.jpg\",\"datePublished\":\"2025-07-19T18:20:58+00:00\",\"dateModified\":\"2025-08-14T11:24:10+00:00\",\"description\":\"Today, we share a proud achievement: our Premium wine received a silver medal at the Marco 2025 Wine Competition!\",\"breadcrumb\":{\"@id\":\"https:\\\/\\\/quintadopacowinery.pt\\\/quinta-do-paco-silver-medal-at-the-marco-2025-wine-competition-a-toast-to-excellence-and-tradition\\\/#breadcrumb\"},\"inLanguage\":\"de\",\"potentialAction\":[{\"@type\":\"ReadAction\",\"target\":[\"https:\\\/\\\/quintadopacowinery.pt\\\/quinta-do-paco-silver-medal-at-the-marco-2025-wine-competition-a-toast-to-excellence-and-tradition\\\/\"]}]},{\"@type\":\"ImageObject\",\"inLanguage\":\"de\",\"@id\":\"https:\\\/\\\/quintadopacowinery.pt\\\/quinta-do-paco-silver-medal-at-the-marco-2025-wine-competition-a-toast-to-excellence-and-tradition\\\/#primaryimage\",\"url\":\"https:\\\/\\\/quintadopacowinery.pt\\\/wp-content\\\/uploads\\\/2025\\\/08\\\/quinta-do-paco-winery-awarded-silver-in-Marco-Wine-Contest-2025.jpg\",\"contentUrl\":\"https:\\\/\\\/quintadopacowinery.pt\\\/wp-content\\\/uploads\\\/2025\\\/08\\\/quinta-do-paco-winery-awarded-silver-in-Marco-Wine-Contest-2025.jpg\",\"width\":2048,\"height\":1140},{\"@type\":\"BreadcrumbList\",\"@id\":\"https:\\\/\\\/quintadopacowinery.pt\\\/quinta-do-paco-silver-medal-at-the-marco-2025-wine-competition-a-toast-to-excellence-and-tradition\\\/#breadcrumb\",\"itemListElement\":[{\"@type\":\"ListItem\",\"position\":1,\"name\":\"Home\",\"item\":\"https:\\\/\\\/quintadopacowinery.pt\\\/\"},{\"@type\":\"ListItem\",\"position\":2,\"name\":\"Quinta do Pa\u00e7o: Silver Medal at the Marco 2025 Wine Competition \u2014 A Toast to Excellence and Tradition\"}]},{\"@type\":\"WebSite\",\"@id\":\"https:\\\/\\\/quintadopacowinery.pt\\\/#website\",\"url\":\"https:\\\/\\\/quintadopacowinery.pt\\\/\",\"name\":\"Quinta do Pa\u00e7o\",\"description\":\"Winery\",\"publisher\":{\"@id\":\"https:\\\/\\\/quintadopacowinery.pt\\\/#organization\"},\"potentialAction\":[{\"@type\":\"SearchAction\",\"target\":{\"@type\":\"EntryPoint\",\"urlTemplate\":\"https:\\\/\\\/quintadopacowinery.pt\\\/?s={search_term_string}\"},\"query-input\":{\"@type\":\"PropertyValueSpecification\",\"valueRequired\":true,\"valueName\":\"search_term_string\"}}],\"inLanguage\":\"de\"},{\"@type\":\"Organization\",\"@id\":\"https:\\\/\\\/quintadopacowinery.pt\\\/#organization\",\"name\":\"Quinta do Pa\u00e7o\",\"url\":\"https:\\\/\\\/quintadopacowinery.pt\\\/\",\"logo\":{\"@type\":\"ImageObject\",\"inLanguage\":\"de\",\"@id\":\"https:\\\/\\\/quintadopacowinery.pt\\\/#\\\/schema\\\/logo\\\/image\\\/\",\"url\":\"https:\\\/\\\/quintadopacowinery.pt\\\/wp-content\\\/uploads\\\/2022\\\/12\\\/logo_quinta_paco.svg\",\"contentUrl\":\"https:\\\/\\\/quintadopacowinery.pt\\\/wp-content\\\/uploads\\\/2022\\\/12\\\/logo_quinta_paco.svg\",\"width\":267,\"height\":45,\"caption\":\"Quinta do Pa\u00e7o \"},\"image\":{\"@id\":\"https:\\\/\\\/quintadopacowinery.pt\\\/#\\\/schema\\\/logo\\\/image\\\/\"}},{\"@type\":\"Person\",\"@id\":\"https:\\\/\\\/quintadopacowinery.pt\\\/#\\\/schema\\\/person\\\/f51884868ed9899c653ccd086500d9dc\",\"name\":\"Francisco\",\"image\":{\"@type\":\"ImageObject\",\"inLanguage\":\"de\",\"@id\":\"https:\\\/\\\/secure.gravatar.com\\\/avatar\\\/b3a08ddd8065a53bad7d7da02c6bca3d801da6a2ee218150f03b7d976831a049?s=96&d=mm&r=g\",\"url\":\"https:\\\/\\\/secure.gravatar.com\\\/avatar\\\/b3a08ddd8065a53bad7d7da02c6bca3d801da6a2ee218150f03b7d976831a049?s=96&d=mm&r=g\",\"contentUrl\":\"https:\\\/\\\/secure.gravatar.com\\\/avatar\\\/b3a08ddd8065a53bad7d7da02c6bca3d801da6a2ee218150f03b7d976831a049?s=96&d=mm&r=g\",\"caption\":\"Francisco\"},\"url\":\"https:\\\/\\\/quintadopacowinery.pt\\\/de\\\/author\\\/francisco\\\/\"}]}<\/script>\n<!-- \/ Yoast SEO plugin. -->","yoast_head_json":{"title":"Quinta do Pa\u00e7o: Silver Medal at the Marco 2025 Wine Competition \u2014 A Toast to Excellence and Tradition - Quinta do Pa\u00e7o","description":"Heute teilen wir eine stolze Leistung: Unser Premium-Wein wurde beim Marco 2025 Weinwettbewerb mit einer Silbermedaille ausgezeichnet!","robots":{"index":"index","follow":"follow","max-snippet":"max-snippet:-1","max-image-preview":"max-image-preview:large","max-video-preview":"max-video-preview:-1"},"canonical":"https:\/\/quintadopacowinery.pt\/de\/quinta-do-paco-silver-medal-at-the-marco-2025-wine-competition-a-toast-to-excellence-and-tradition\/","og_locale":"de_DE","og_type":"article","og_title":"Quinta do Pa\u00e7o: Silver Medal at the Marco 2025 Wine Competition \u2014 A Toast to Excellence and Tradition - Quinta do Pa\u00e7o","og_description":"Today, we share a proud achievement: our Premium wine received a silver medal at the Marco 2025 Wine Competition!","og_url":"https:\/\/quintadopacowinery.pt\/de\/quinta-do-paco-silver-medal-at-the-marco-2025-wine-competition-a-toast-to-excellence-and-tradition\/","og_site_name":"Quinta do Pa\u00e7o","article_published_time":"2025-07-19T18:20:58+00:00","article_modified_time":"2025-08-14T11:24:10+00:00","og_image":[{"width":2048,"height":1140,"url":"https:\/\/quintadopacowinery.pt\/wp-content\/uploads\/2025\/08\/quinta-do-paco-winery-awarded-silver-in-Marco-Wine-Contest-2025.jpg","type":"image\/jpeg"}],"author":"Francisco","twitter_card":"summary_large_image","twitter_misc":{"Verfasst von":"Francisco","Gesch\u00e4tzte Lesezeit":"2\u00a0Minuten"},"schema":{"@context":"https:\/\/schema.org","@graph":[{"@type":"Article","@id":"https:\/\/quintadopacowinery.pt\/quinta-do-paco-silver-medal-at-the-marco-2025-wine-competition-a-toast-to-excellence-and-tradition\/#article","isPartOf":{"@id":"https:\/\/quintadopacowinery.pt\/quinta-do-paco-silver-medal-at-the-marco-2025-wine-competition-a-toast-to-excellence-and-tradition\/"},"author":{"name":"Francisco","@id":"https:\/\/quintadopacowinery.pt\/#\/schema\/person\/f51884868ed9899c653ccd086500d9dc"},"headline":"Quinta do Pa\u00e7o: Silver Medal at the Marco 2025 Wine Competition \u2014 A Toast to Excellence and Tradition","datePublished":"2025-07-19T18:20:58+00:00","dateModified":"2025-08-14T11:24:10+00:00","mainEntityOfPage":{"@id":"https:\/\/quintadopacowinery.pt\/quinta-do-paco-silver-medal-at-the-marco-2025-wine-competition-a-toast-to-excellence-and-tradition\/"},"wordCount":312,"publisher":{"@id":"https:\/\/quintadopacowinery.pt\/#organization"},"image":{"@id":"https:\/\/quintadopacowinery.pt\/quinta-do-paco-silver-medal-at-the-marco-2025-wine-competition-a-toast-to-excellence-and-tradition\/#primaryimage"},"thumbnailUrl":"https:\/\/quintadopacowinery.pt\/wp-content\/uploads\/2025\/08\/quinta-do-paco-winery-awarded-silver-in-Marco-Wine-Contest-2025.jpg","keywords":["Awards"],"articleSection":["Pa\u00e7o News"],"inLanguage":"de"},{"@type":"WebPage","@id":"https:\/\/quintadopacowinery.pt\/quinta-do-paco-silver-medal-at-the-marco-2025-wine-competition-a-toast-to-excellence-and-tradition\/","url":"https:\/\/quintadopacowinery.pt\/quinta-do-paco-silver-medal-at-the-marco-2025-wine-competition-a-toast-to-excellence-and-tradition\/","name":"Quinta do Pa\u00e7o: Silver Medal at the Marco 2025 Wine Competition \u2014 A Toast to Excellence and Tradition - Quinta do Pa\u00e7o","isPartOf":{"@id":"https:\/\/quintadopacowinery.pt\/#website"},"primaryImageOfPage":{"@id":"https:\/\/quintadopacowinery.pt\/quinta-do-paco-silver-medal-at-the-marco-2025-wine-competition-a-toast-to-excellence-and-tradition\/#primaryimage"},"image":{"@id":"https:\/\/quintadopacowinery.pt\/quinta-do-paco-silver-medal-at-the-marco-2025-wine-competition-a-toast-to-excellence-and-tradition\/#primaryimage"},"thumbnailUrl":"https:\/\/quintadopacowinery.pt\/wp-content\/uploads\/2025\/08\/quinta-do-paco-winery-awarded-silver-in-Marco-Wine-Contest-2025.jpg","datePublished":"2025-07-19T18:20:58+00:00","dateModified":"2025-08-14T11:24:10+00:00","description":"Heute teilen wir eine stolze Leistung: Unser Premium-Wein wurde beim Marco 2025 Weinwettbewerb mit einer Silbermedaille ausgezeichnet!","breadcrumb":{"@id":"https:\/\/quintadopacowinery.pt\/quinta-do-paco-silver-medal-at-the-marco-2025-wine-competition-a-toast-to-excellence-and-tradition\/#breadcrumb"},"inLanguage":"de","potentialAction":[{"@type":"ReadAction","target":["https:\/\/quintadopacowinery.pt\/quinta-do-paco-silver-medal-at-the-marco-2025-wine-competition-a-toast-to-excellence-and-tradition\/"]}]},{"@type":"ImageObject","inLanguage":"de","@id":"https:\/\/quintadopacowinery.pt\/quinta-do-paco-silver-medal-at-the-marco-2025-wine-competition-a-toast-to-excellence-and-tradition\/#primaryimage","url":"https:\/\/quintadopacowinery.pt\/wp-content\/uploads\/2025\/08\/quinta-do-paco-winery-awarded-silver-in-Marco-Wine-Contest-2025.jpg","contentUrl":"https:\/\/quintadopacowinery.pt\/wp-content\/uploads\/2025\/08\/quinta-do-paco-winery-awarded-silver-in-Marco-Wine-Contest-2025.jpg","width":2048,"height":1140},{"@type":"BreadcrumbList","@id":"https:\/\/quintadopacowinery.pt\/quinta-do-paco-silver-medal-at-the-marco-2025-wine-competition-a-toast-to-excellence-and-tradition\/#breadcrumb","itemListElement":[{"@type":"ListItem","position":1,"name":"Home","item":"https:\/\/quintadopacowinery.pt\/"},{"@type":"ListItem","position":2,"name":"Quinta do Pa\u00e7o: Silver Medal at the Marco 2025 Wine Competition \u2014 A Toast to Excellence and Tradition"}]},{"@type":"WebSite","@id":"https:\/\/quintadopacowinery.pt\/#website","url":"https:\/\/quintadopacowinery.pt\/","name":"Quinta do Pa\u00e7o","description":"Winery","publisher":{"@id":"https:\/\/quintadopacowinery.pt\/#organization"},"potentialAction":[{"@type":"SearchAction","target":{"@type":"EntryPoint","urlTemplate":"https:\/\/quintadopacowinery.pt\/?s={search_term_string}"},"query-input":{"@type":"PropertyValueSpecification","valueRequired":true,"valueName":"search_term_string"}}],"inLanguage":"de"},{"@type":"Organization","@id":"https:\/\/quintadopacowinery.pt\/#organization","name":"Quinta do Pa\u00e7o","url":"https:\/\/quintadopacowinery.pt\/","logo":{"@type":"ImageObject","inLanguage":"de","@id":"https:\/\/quintadopacowinery.pt\/#\/schema\/logo\/image\/","url":"https:\/\/quintadopacowinery.pt\/wp-content\/uploads\/2022\/12\/logo_quinta_paco.svg","contentUrl":"https:\/\/quintadopacowinery.pt\/wp-content\/uploads\/2022\/12\/logo_quinta_paco.svg","width":267,"height":45,"caption":"Quinta do Pa\u00e7o "},"image":{"@id":"https:\/\/quintadopacowinery.pt\/#\/schema\/logo\/image\/"}},{"@type":"Person","@id":"https:\/\/quintadopacowinery.pt\/#\/schema\/person\/f51884868ed9899c653ccd086500d9dc","name":"Francisco","image":{"@type":"ImageObject","inLanguage":"de","@id":"https:\/\/secure.gravatar.com\/avatar\/b3a08ddd8065a53bad7d7da02c6bca3d801da6a2ee218150f03b7d976831a049?s=96&d=mm&r=g","url":"https:\/\/secure.gravatar.com\/avatar\/b3a08ddd8065a53bad7d7da02c6bca3d801da6a2ee218150f03b7d976831a049?s=96&d=mm&r=g","contentUrl":"https:\/\/secure.gravatar.com\/avatar\/b3a08ddd8065a53bad7d7da02c6bca3d801da6a2ee218150f03b7d976831a049?s=96&d=mm&r=g","caption":"Francisco"},"url":"https:\/\/quintadopacowinery.pt\/de\/author\/francisco\/"}]}},"_links":{"self":[{"href":"https:\/\/quintadopacowinery.pt\/de\/wp-json\/wp\/v2\/posts\/2907","targetHints":{"allow":["GET"]}}],"collection":[{"href":"https:\/\/quintadopacowinery.pt\/de\/wp-json\/wp\/v2\/posts"}],"about":[{"href":"https:\/\/quintadopacowinery.pt\/de\/wp-json\/wp\/v2\/types\/post"}],"author":[{"embeddable":true,"href":"https:\/\/quintadopacowinery.pt\/de\/wp-json\/wp\/v2\/users\/2"}],"replies":[{"embeddable":true,"href":"https:\/\/quintadopacowinery.pt\/de\/wp-json\/wp\/v2\/comments?post=2907"}],"version-history":[{"count":5,"href":"https:\/\/quintadopacowinery.pt\/de\/wp-json\/wp\/v2\/posts\/2907\/revisions"}],"predecessor-version":[{"id":2940,"href":"https:\/\/quintadopacowinery.pt\/de\/wp-json\/wp\/v2\/posts\/2907\/revisions\/2940"}],"wp:featuredmedia":[{"embeddable":true,"href":"https:\/\/quintadopacowinery.pt\/de\/wp-json\/wp\/v2\/media\/2909"}],"wp:attachment":[{"href":"https:\/\/quintadopacowinery.pt\/de\/wp-json\/wp\/v2\/media?parent=2907"}],"wp:term":[{"taxonomy":"category","embeddable":true,"href":"https:\/\/quintadopacowinery.pt\/de\/wp-json\/wp\/v2\/categories?post=2907"},{"taxonomy":"post_tag","embeddable":true,"href":"https:\/\/quintadopacowinery.pt\/de\/wp-json\/wp\/v2\/tags?post=2907"}],"curies":[{"name":"wp","href":"https:\/\/api.w.org\/{rel}","templated":true}]}}