{"id":1806,"date":"2023-08-24T10:23:00","date_gmt":"2023-08-24T10:23:00","guid":{"rendered":"https:\/\/quintadopacowinery.pt\/?p=1806"},"modified":"2023-10-06T17:27:39","modified_gmt":"2023-10-06T17:27:39","slug":"quinta-do-pacos-2023-harvest-uncorking-the-secrets-of-verde-wine-excellence","status":"publish","type":"post","link":"https:\/\/quintadopacowinery.pt\/de\/quinta-do-pacos-2023-harvest-uncorking-the-secrets-of-verde-wine-excellence\/","title":{"rendered":"Pa\u00e7o\u2019s Ernte 2023: Die Geheimnisse des exzellenten Verde-Weins entdecken"},"content":{"rendered":"<div data-elementor-type=\"wp-post\" data-elementor-id=\"1806\" class=\"elementor elementor-1806\" data-elementor-post-type=\"post\">\n\t\t\t\t\t\t<section class=\"elementor-section elementor-top-section elementor-element elementor-element-4dc0fa6 elementor-section-height-min-height elementor-section-stretched elementor-section-full_width elementor-section-items-bottom elementor-section-height-default\" data-id=\"4dc0fa6\" data-element_type=\"section\" data-e-type=\"section\" data-settings=\"{&quot;stretch_section&quot;:&quot;section-stretched&quot;,&quot;background_background&quot;:&quot;classic&quot;}\">\n\t\t\t\t\t\t<div class=\"elementor-container elementor-column-gap-default\">\n\t\t\t\t\t<div class=\"elementor-column elementor-col-100 elementor-top-column elementor-element elementor-element-389cd35\" data-id=\"389cd35\" data-element_type=\"column\" data-e-type=\"column\">\n\t\t\t<div class=\"elementor-widget-wrap\">\n\t\t\t\t\t\t\t<\/div>\n\t\t<\/div>\n\t\t\t\t\t<\/div>\n\t\t<\/section>\n\t\t\t\t<section class=\"elementor-section elementor-top-section elementor-element elementor-element-421cbc0 elementor-section-content-top elementor-section-boxed elementor-section-height-default elementor-section-height-default\" data-id=\"421cbc0\" data-element_type=\"section\" data-e-type=\"section\">\n\t\t\t\t\t\t<div class=\"elementor-container elementor-column-gap-no\">\n\t\t\t\t\t<div class=\"elementor-column elementor-col-66 elementor-top-column elementor-element elementor-element-d2382af\" data-id=\"d2382af\" data-element_type=\"column\" data-e-type=\"column\">\n\t\t\t<div class=\"elementor-widget-wrap elementor-element-populated\">\n\t\t\t\t\t\t<div class=\"elementor-element elementor-element-6cc5623 elementor-widget elementor-widget-heading\" data-id=\"6cc5623\" data-element_type=\"widget\" data-e-type=\"widget\" data-widget_type=\"heading.default\">\n\t\t\t\t<div class=\"elementor-widget-container\">\n\t\t\t\t\t<h1 class=\"elementor-heading-title elementor-size-default\">Quinta do Pa\u00e7o\u2019s Ernte 2023: Die Geheimnisse des exzellenten Verde-Weins entdecken<\/h1>\t\t\t\t<\/div>\n\t\t\t\t<\/div>\n\t\t\t\t<div class=\"elementor-element elementor-element-cdbc302 elementor-widget elementor-widget-text-editor\" data-id=\"cdbc302\" data-element_type=\"widget\" data-e-type=\"widget\" data-widget_type=\"text-editor.default\">\n\t\t\t\t<div class=\"elementor-widget-container\">\n\t\t\t\t\t\t\t\t\t<p>Eingebettet in die \u00fcppige, gr\u00fcne Landschaft der Vinho-Verde-Region hat die Quinta do Pa\u00e7o im Jahr 2023 erneut eine reiche und bemerkenswerte Traubenernte eingefahren.<\/p><p>Unser Ziel ist es, hochwertige Vinho-Verde-Weine zu erzeugen. Die diesj\u00e4hrige Ernte hat die Hoffnung auf au\u00dfergew\u00f6hnliche Geschmacksrichtungen und Aromen nicht entt\u00e4uscht.<\/p>\t\t\t\t\t\t\t\t<\/div>\n\t\t\t\t<\/div>\n\t\t\t\t<div class=\"elementor-element elementor-element-0514ca2 elementor-widget elementor-widget-spacer\" data-id=\"0514ca2\" data-element_type=\"widget\" data-e-type=\"widget\" data-widget_type=\"spacer.default\">\n\t\t\t\t<div class=\"elementor-widget-container\">\n\t\t\t\t\t\t\t<div class=\"elementor-spacer\">\n\t\t\t<div class=\"elementor-spacer-inner\"><\/div>\n\t\t<\/div>\n\t\t\t\t\t\t<\/div>\n\t\t\t\t<\/div>\n\t\t\t\t<div class=\"elementor-element elementor-element-ec0cc8a elementor-widget elementor-widget-image\" data-id=\"ec0cc8a\" data-element_type=\"widget\" data-e-type=\"widget\" data-widget_type=\"image.default\">\n\t\t\t\t<div class=\"elementor-widget-container\">\n\t\t\t\t\t\t\t\t\t\t\t\t\t\t\t<img fetchpriority=\"high\" decoding=\"async\" width=\"800\" height=\"600\" src=\"https:\/\/quintadopacowinery.pt\/wp-content\/uploads\/2023\/07\/IMG_3841.jpg\" class=\"attachment-large size-large wp-image-1836\" alt=\"Harvesting at Quinta do Pa\u00e7o, S\u00e3o Louren\u00e7o do Douro, Portugal\" srcset=\"https:\/\/quintadopacowinery.pt\/wp-content\/uploads\/2023\/07\/IMG_3841.jpg 1024w, https:\/\/quintadopacowinery.pt\/wp-content\/uploads\/2023\/07\/IMG_3841-300x225.jpg 300w, https:\/\/quintadopacowinery.pt\/wp-content\/uploads\/2023\/07\/IMG_3841-768x576.jpg 768w, https:\/\/quintadopacowinery.pt\/wp-content\/uploads\/2023\/07\/IMG_3841-16x12.jpg 16w\" sizes=\"(max-width: 800px) 100vw, 800px\" \/>\t\t\t\t\t\t\t\t\t\t\t\t\t\t\t<\/div>\n\t\t\t\t<\/div>\n\t\t\t\t<div class=\"elementor-element elementor-element-2eb1058 elementor-widget elementor-widget-heading\" data-id=\"2eb1058\" data-element_type=\"widget\" data-e-type=\"widget\" data-widget_type=\"heading.default\">\n\t\t\t\t<div class=\"elementor-widget-container\">\n\t\t\t\t\t<h2 class=\"elementor-heading-title elementor-size-xl\">Das Terrain<\/h2>\t\t\t\t<\/div>\n\t\t\t\t<\/div>\n\t\t\t\t<div class=\"elementor-element elementor-element-e1289eb elementor-widget elementor-widget-text-editor\" data-id=\"e1289eb\" data-element_type=\"widget\" data-e-type=\"widget\" data-widget_type=\"text-editor.default\">\n\t\t\t\t<div class=\"elementor-widget-container\">\n\t\t\t\t\t\t\t\t\t<p>Die Weinberge der Quinta do Pa\u00e7o sind ideal f\u00fcr den Anbau der erforderlichen Vinho Verde Trauben.<\/p><p>Das einzigartige Terrain der Region, das durch die nebligen Morgenstunden des Flusses Douro und die hohe Sonneneinstrahlung gekennzeichnet ist, hat einen gro\u00dfen Einfluss auf die Entwicklung der Trauben.<\/p><p>Die gut durchl\u00e4ssigen Granitb\u00f6den bieten die perfekte Grundlage f\u00fcr das Gedeihen der Reben.<\/p>\t\t\t\t\t\t\t\t<\/div>\n\t\t\t\t<\/div>\n\t\t\t\t<div class=\"elementor-element elementor-element-5f1044b elementor-widget elementor-widget-heading\" data-id=\"5f1044b\" data-element_type=\"widget\" data-e-type=\"widget\" data-widget_type=\"heading.default\">\n\t\t\t\t<div class=\"elementor-widget-container\">\n\t\t\t\t\t<h2 class=\"elementor-heading-title elementor-size-xl\">Timing und Wetter<\/h2>\t\t\t\t<\/div>\n\t\t\t\t<\/div>\n\t\t\t\t<div class=\"elementor-element elementor-element-99d00c7 elementor-widget elementor-widget-text-editor\" data-id=\"99d00c7\" data-element_type=\"widget\" data-e-type=\"widget\" data-widget_type=\"text-editor.default\">\n\t\t\t\t<div class=\"elementor-widget-container\">\n\t\t\t\t\t\t\t\t\t<p>Die Vegetationsperiode 2023 auf der Quinta do Pa\u00e7o war von g\u00fcnstigen Wetterbedingungen gepr\u00e4gt.<\/p><p>Ein milder Winter und ein w\u00e4rmerer Fr\u00fchling f\u00fchrten zu einem gesunden Austrieb und einer gleichm\u00e4\u00dfigen Bl\u00fcte.<\/p><p>Der Sommer brachte genau das richtige Gleichgewicht von Sonnenschein und Niederschl\u00e4gen, was eine optimale Reifung der Trauben erm\u00f6glichte.<\/p><p>Das Fehlen extrem langer Hitzeperioden erm\u00f6glichte eine allm\u00e4hliche Reifung der Trauben bis in den September hinein, wobei die nat\u00fcrliche S\u00e4ure und die feinen Aromen erhalten blieben.<\/p>\t\t\t\t\t\t\t\t<\/div>\n\t\t\t\t<\/div>\n\t\t\t\t<div class=\"elementor-element elementor-element-326e5c9 elementor-widget elementor-widget-image\" data-id=\"326e5c9\" data-element_type=\"widget\" data-e-type=\"widget\" data-widget_type=\"image.default\">\n\t\t\t\t<div class=\"elementor-widget-container\">\n\t\t\t\t\t\t\t\t\t\t\t\t\t\t\t<img decoding=\"async\" width=\"768\" height=\"1024\" src=\"https:\/\/quintadopacowinery.pt\/wp-content\/uploads\/2023\/07\/IMG_3812.jpg\" class=\"attachment-large size-large wp-image-1834\" alt=\"Harvesting at Quinta do Pa\u00e7o, S\u00e3o Louren\u00e7o do Douro, Portugal\" srcset=\"https:\/\/quintadopacowinery.pt\/wp-content\/uploads\/2023\/07\/IMG_3812.jpg 768w, https:\/\/quintadopacowinery.pt\/wp-content\/uploads\/2023\/07\/IMG_3812-225x300.jpg 225w, https:\/\/quintadopacowinery.pt\/wp-content\/uploads\/2023\/07\/IMG_3812-9x12.jpg 9w\" sizes=\"(max-width: 768px) 100vw, 768px\" \/>\t\t\t\t\t\t\t\t\t\t\t\t\t\t\t<\/div>\n\t\t\t\t<\/div>\n\t\t\t\t<div class=\"elementor-element elementor-element-cb99d45 elementor-widget elementor-widget-heading\" data-id=\"cb99d45\" data-element_type=\"widget\" data-e-type=\"widget\" data-widget_type=\"heading.default\">\n\t\t\t\t<div class=\"elementor-widget-container\">\n\t\t\t\t\t<h2 class=\"elementor-heading-title elementor-size-xl\">Weinernte<\/h2>\t\t\t\t<\/div>\n\t\t\t\t<\/div>\n\t\t\t\t<div class=\"elementor-element elementor-element-eb7b575 elementor-widget elementor-widget-text-editor\" data-id=\"eb7b575\" data-element_type=\"widget\" data-e-type=\"widget\" data-widget_type=\"text-editor.default\">\n\t\t\t\t<div class=\"elementor-widget-container\">\n\t\t\t\t\t\t\t\t\t<p>Da die Trauben ihren H\u00f6hepunkt der Reife fr\u00fcher erreichten, begann die Ernte am 24 August.<\/p><p class=\"translation-block\">Die erfahrenen Weinbergarbeiter der Quinta do Pa\u00e7o pfl\u00fcckten jede Traube sorgf\u00e4ltig von Hand, um sicherzustellen, dass nur die besten Trauben den Weg in die Kellerei fanden.<\/p><p>Diese akribische Liebe zum Detail ist ein wesentlicher Faktor, um den guten Ruf des Weinguts aufrechtzuerhalten.<\/p>\t\t\t\t\t\t\t\t<\/div>\n\t\t\t\t<\/div>\n\t\t\t\t<div class=\"elementor-element elementor-element-4d4cf46 elementor-widget elementor-widget-heading\" data-id=\"4d4cf46\" data-element_type=\"widget\" data-e-type=\"widget\" data-widget_type=\"heading.default\">\n\t\t\t\t<div class=\"elementor-widget-container\">\n\t\t\t\t\t<h2 class=\"elementor-heading-title elementor-size-xl\">Rebsorten<\/h2>\t\t\t\t<\/div>\n\t\t\t\t<\/div>\n\t\t\t\t<div class=\"elementor-element elementor-element-367c25f elementor-widget elementor-widget-text-editor\" data-id=\"367c25f\" data-element_type=\"widget\" data-e-type=\"widget\" data-widget_type=\"text-editor.default\">\n\t\t\t\t<div class=\"elementor-widget-container\">\n\t\t\t\t\t\t\t\t\t<p>Die wichtigsten Rebsorten, die auf der Quinta do Pa\u00e7o angebaut werden, sind Loureiro, Arinto und Trajadura.<\/p><p>Jede Sorte tr\u00e4gt mit ihren einzigartigen Eigenschaften zur endg\u00fcltigen Mischung bei, was zu einem Vinho Verde f\u00fchrt, der erfrischend, aromatisch und voll von Pers\u00f6nlichkeit ist.<\/p>\t\t\t\t\t\t\t\t<\/div>\n\t\t\t\t<\/div>\n\t\t\t\t<div class=\"elementor-element elementor-element-73492da elementor-widget elementor-widget-image\" data-id=\"73492da\" data-element_type=\"widget\" data-e-type=\"widget\" data-widget_type=\"image.default\">\n\t\t\t\t<div class=\"elementor-widget-container\">\n\t\t\t\t\t\t\t\t\t\t\t\t\t\t\t<img decoding=\"async\" width=\"800\" height=\"600\" src=\"https:\/\/quintadopacowinery.pt\/wp-content\/uploads\/2023\/07\/IMG_3845.jpg\" class=\"attachment-large size-large wp-image-1837\" alt=\"Harvesting at Quinta do Pa\u00e7o, S\u00e3o Louren\u00e7o do Douro, Portugal\" srcset=\"https:\/\/quintadopacowinery.pt\/wp-content\/uploads\/2023\/07\/IMG_3845.jpg 1024w, https:\/\/quintadopacowinery.pt\/wp-content\/uploads\/2023\/07\/IMG_3845-300x225.jpg 300w, https:\/\/quintadopacowinery.pt\/wp-content\/uploads\/2023\/07\/IMG_3845-768x576.jpg 768w, https:\/\/quintadopacowinery.pt\/wp-content\/uploads\/2023\/07\/IMG_3845-16x12.jpg 16w\" sizes=\"(max-width: 800px) 100vw, 800px\" \/>\t\t\t\t\t\t\t\t\t\t\t\t\t\t\t<\/div>\n\t\t\t\t<\/div>\n\t\t\t\t<div class=\"elementor-element elementor-element-e8b295c elementor-widget elementor-widget-heading\" data-id=\"e8b295c\" data-element_type=\"widget\" data-e-type=\"widget\" data-widget_type=\"heading.default\">\n\t\t\t\t<div class=\"elementor-widget-container\">\n\t\t\t\t\t<h2 class=\"elementor-heading-title elementor-size-xl\">Prozess der Weinherstellung<\/h2>\t\t\t\t<\/div>\n\t\t\t\t<\/div>\n\t\t\t\t<div class=\"elementor-element elementor-element-24b1019 elementor-widget elementor-widget-text-editor\" data-id=\"24b1019\" data-element_type=\"widget\" data-e-type=\"widget\" data-widget_type=\"text-editor.default\">\n\t\t\t\t<div class=\"elementor-widget-container\">\n\t\t\t\t\t\t\t\t\t<p>Um die Frische des Weins zu erhalten, begann die Weinlese fr\u00fcher als in anderen Jahren \u00fcblich.<\/p><p>Sobald die Trauben geerntet waren, \u00fcberwachte und kontrollierte der Winzer der Quinta do Pa\u00e7o den Prozess genau, um den nat\u00fcrlichen Geschmack und die Aromen der Trauben zu erhalten und sicherzustellen, dass die Weine ihre gew\u00fcnschte Ausgewogenheit und Komplexit\u00e4t behalten.<\/p>\t\t\t\t\t\t\t\t<\/div>\n\t\t\t\t<\/div>\n\t\t\t\t<div class=\"elementor-element elementor-element-a9b3404 elementor-widget elementor-widget-heading\" data-id=\"a9b3404\" data-element_type=\"widget\" data-e-type=\"widget\" data-widget_type=\"heading.default\">\n\t\t\t\t<div class=\"elementor-widget-container\">\n\t\t\t\t\t<h2 class=\"elementor-heading-title elementor-size-xl\">Erwartungen f\u00fcr die Weinlese 2023\n<\/h2>\t\t\t\t<\/div>\n\t\t\t\t<\/div>\n\t\t\t\t<div class=\"elementor-element elementor-element-100463c elementor-widget elementor-widget-text-editor\" data-id=\"100463c\" data-element_type=\"widget\" data-e-type=\"widget\" data-widget_type=\"text-editor.default\">\n\t\t\t\t<div class=\"elementor-widget-container\">\n\t\t\t\t\t\t\t\t\t<p class=\"translation-block\">Angesichts der au\u00dfergew\u00f6hnlichen Bedingungen und der Sorgfalt, mit der die diesj\u00e4hrige Ernte durchgef\u00fchrt wurde, erwartet die Quinta do Pa\u00e7o, dass der Jahrgang 2023 ein unvergesslicher sein wird.<\/p><p>Weinliebhaber k\u00f6nnen sich darauf freuen, einen Vinho Verde zu genie\u00dfen, der die Essenz der Region einf\u00e4ngt - knackige S\u00e4ure, lebendige Fruchtigkeit und einen Hauch von Mineralit\u00e4t.<\/p>\t\t\t\t\t\t\t\t<\/div>\n\t\t\t\t<\/div>\n\t\t\t\t<div class=\"elementor-element elementor-element-030563a elementor-widget elementor-widget-image\" data-id=\"030563a\" data-element_type=\"widget\" data-e-type=\"widget\" data-widget_type=\"image.default\">\n\t\t\t\t<div class=\"elementor-widget-container\">\n\t\t\t\t\t\t\t\t\t\t\t\t\t\t\t<img loading=\"lazy\" decoding=\"async\" width=\"768\" height=\"1024\" src=\"https:\/\/quintadopacowinery.pt\/wp-content\/uploads\/2023\/07\/IMG_3824.jpg\" class=\"attachment-large size-large wp-image-1835\" alt=\"Harvesting at Quinta do Pa\u00e7o, S\u00e3o Louren\u00e7o do Douro, Portugal\" srcset=\"https:\/\/quintadopacowinery.pt\/wp-content\/uploads\/2023\/07\/IMG_3824.jpg 768w, https:\/\/quintadopacowinery.pt\/wp-content\/uploads\/2023\/07\/IMG_3824-225x300.jpg 225w, https:\/\/quintadopacowinery.pt\/wp-content\/uploads\/2023\/07\/IMG_3824-9x12.jpg 9w\" sizes=\"(max-width: 768px) 100vw, 768px\" \/>\t\t\t\t\t\t\t\t\t\t\t\t\t\t\t<\/div>\n\t\t\t\t<\/div>\n\t\t\t\t<div class=\"elementor-element elementor-element-239141f elementor-widget elementor-widget-heading\" data-id=\"239141f\" data-element_type=\"widget\" data-e-type=\"widget\" data-widget_type=\"heading.default\">\n\t\t\t\t<div class=\"elementor-widget-container\">\n\t\t\t\t\t<h2 class=\"elementor-heading-title elementor-size-xl\">H\u00f6hepunkt<\/h2>\t\t\t\t<\/div>\n\t\t\t\t<\/div>\n\t\t\t\t<div class=\"elementor-element elementor-element-f53b1aa elementor-widget elementor-widget-text-editor\" data-id=\"f53b1aa\" data-element_type=\"widget\" data-e-type=\"widget\" data-widget_type=\"text-editor.default\">\n\t\t\t\t<div class=\"elementor-widget-container\">\n\t\t\t\t\t\t\t\t\t<p>Das Engagement der Quinta do Pa\u00e7o f\u00fcr Qualit\u00e4t und Respekt f\u00fcr das Terrain der Region hat auch im Jahr 2023 wieder eine vielversprechende Ernte hervorgebracht.<\/p><p>W\u00e4hrend die Trauben ihre Reise von der Rebe bis zur Flasche fortsetzen, k\u00f6nnen Weinliebhaber mit Spannung die Herausgabe des Vinho Verde 2023 von Quinta do Pa\u00e7o erwarten, ein Zeugnis der Kunstfertigkeit und Tradition der Weinherstellung im Herzen der Vinho Verde Region.<\/p>\t\t\t\t\t\t\t\t<\/div>\n\t\t\t\t<\/div>\n\t\t\t\t<div class=\"elementor-element elementor-element-6887ecf elementor-widget-divider--view-line elementor-widget elementor-widget-divider\" data-id=\"6887ecf\" data-element_type=\"widget\" data-e-type=\"widget\" data-widget_type=\"divider.default\">\n\t\t\t\t<div class=\"elementor-widget-container\">\n\t\t\t\t\t\t\t<div class=\"elementor-divider\">\n\t\t\t<span class=\"elementor-divider-separator\">\n\t\t\t\t\t\t<\/span>\n\t\t<\/div>\n\t\t\t\t\t\t<\/div>\n\t\t\t\t<\/div>\n\t\t\t\t<div class=\"elementor-element elementor-element-395846e elementor-widget elementor-widget-text-editor\" data-id=\"395846e\" data-element_type=\"widget\" data-e-type=\"widget\" data-widget_type=\"text-editor.default\">\n\t\t\t\t<div class=\"elementor-widget-container\">\n\t\t\t\t\t\t\t\t\t<p style=\"text-align: center;\">Erlauben Sie uns, Ihnen den gesch\u00e4tzten Minha M\u00e3e Ana vorzustellen, einen Vinho Verde, der mit einer Auszeichnung im Jahr 2022 geehrt wurde.<\/p>\t\t\t\t\t\t\t\t<\/div>\n\t\t\t\t<\/div>\n\t\t\t\t<div class=\"elementor-element elementor-element-ab8b140 elementor-align-center elementor-widget elementor-widget-button\" data-id=\"ab8b140\" data-element_type=\"widget\" data-e-type=\"widget\" data-widget_type=\"button.default\">\n\t\t\t\t<div class=\"elementor-widget-container\">\n\t\t\t\t\t\t\t\t\t<div class=\"elementor-button-wrapper\">\n\t\t\t\t\t<a class=\"elementor-button elementor-button-link elementor-size-md\" href=\"https:\/\/quintadopacowinery.pt\/de\/wines\/\">\n\t\t\t\t\t\t<span class=\"elementor-button-content-wrapper\">\n\t\t\t\t\t\t\t\t\t<span class=\"elementor-button-text\">Weinhandlung<\/span>\n\t\t\t\t\t<\/span>\n\t\t\t\t\t<\/a>\n\t\t\t\t<\/div>\n\t\t\t\t\t\t\t\t<\/div>\n\t\t\t\t<\/div>\n\t\t\t\t<div class=\"elementor-element elementor-element-bdb058d elementor-widget-divider--view-line elementor-widget elementor-widget-divider\" data-id=\"bdb058d\" data-element_type=\"widget\" data-e-type=\"widget\" data-widget_type=\"divider.default\">\n\t\t\t\t<div class=\"elementor-widget-container\">\n\t\t\t\t\t\t\t<div class=\"elementor-divider\">\n\t\t\t<span class=\"elementor-divider-separator\">\n\t\t\t\t\t\t<\/span>\n\t\t<\/div>\n\t\t\t\t\t\t<\/div>\n\t\t\t\t<\/div>\n\t\t\t\t\t<\/div>\n\t\t<\/div>\n\t\t\t\t<div class=\"elementor-column elementor-col-33 elementor-top-column elementor-element elementor-element-3823bc6\" data-id=\"3823bc6\" data-element_type=\"column\" data-e-type=\"column\" data-settings=\"{&quot;background_background&quot;:&quot;classic&quot;}\">\n\t\t\t<div class=\"elementor-widget-wrap elementor-element-populated\">\n\t\t\t\t\t\t<div class=\"elementor-element elementor-element-4776e5f elementor-widget elementor-widget-heading\" data-id=\"4776e5f\" data-element_type=\"widget\" data-e-type=\"widget\" data-widget_type=\"heading.default\">\n\t\t\t\t<div class=\"elementor-widget-container\">\n\t\t\t\t\t<h2 class=\"elementor-heading-title elementor-size-default\">Am beliebtesten<\/h2>\t\t\t\t<\/div>\n\t\t\t\t<\/div>\n\t\t\t\t<div class=\"elementor-element elementor-element-4387d70 elementor-grid-1 elementor-grid-tablet-3 elementor-grid-mobile-1 elementor-posts--thumbnail-top elementor-widget elementor-widget-posts\" data-id=\"4387d70\" data-element_type=\"widget\" data-e-type=\"widget\" data-settings=\"{&quot;classic_columns&quot;:&quot;1&quot;,&quot;classic_columns_tablet&quot;:&quot;3&quot;,&quot;classic_row_gap&quot;:{&quot;unit&quot;:&quot;px&quot;,&quot;size&quot;:30,&quot;sizes&quot;:[]},&quot;classic_columns_mobile&quot;:&quot;1&quot;,&quot;classic_row_gap_tablet&quot;:{&quot;unit&quot;:&quot;px&quot;,&quot;size&quot;:&quot;&quot;,&quot;sizes&quot;:[]},&quot;classic_row_gap_mobile&quot;:{&quot;unit&quot;:&quot;px&quot;,&quot;size&quot;:&quot;&quot;,&quot;sizes&quot;:[]}}\" data-widget_type=\"posts.classic\">\n\t\t\t\t<div class=\"elementor-widget-container\">\n\t\t\t\t\t\t\t<div class=\"elementor-posts-container elementor-posts elementor-posts--skin-classic elementor-grid\" role=\"list\">\n\t\t\t\t<article class=\"elementor-post elementor-grid-item post-2956 post type-post status-publish format-standard has-post-thumbnail hentry category-paco-news tag-harvest\" role=\"listitem\">\n\t\t\t\t<a class=\"elementor-post__thumbnail__link\" href=\"https:\/\/quintadopacowinery.pt\/de\/2025-harvest-new-grape-varieties-and-family-spirit-at-quinta-do-paco\/\" tabindex=\"-1\" >\n\t\t\t<div class=\"elementor-post__thumbnail\"><img loading=\"lazy\" decoding=\"async\" width=\"2048\" height=\"1365\" src=\"https:\/\/quintadopacowinery.pt\/wp-content\/uploads\/2025\/09\/KL_02830-2048x1365.jpeg\" class=\"attachment-2048x2048 size-2048x2048 wp-image-2950\" alt=\"2025 Harvest: New Grape Varieties and Family Spirit at Quinta do Pa\u00e7o\" srcset=\"https:\/\/quintadopacowinery.pt\/wp-content\/uploads\/2025\/09\/KL_02830-2048x1365.jpeg 2048w, https:\/\/quintadopacowinery.pt\/wp-content\/uploads\/2025\/09\/KL_02830-300x200.jpeg 300w, https:\/\/quintadopacowinery.pt\/wp-content\/uploads\/2025\/09\/KL_02830-1024x683.jpeg 1024w, https:\/\/quintadopacowinery.pt\/wp-content\/uploads\/2025\/09\/KL_02830-768x512.jpeg 768w, https:\/\/quintadopacowinery.pt\/wp-content\/uploads\/2025\/09\/KL_02830-1536x1024.jpeg 1536w, https:\/\/quintadopacowinery.pt\/wp-content\/uploads\/2025\/09\/KL_02830-18x12.jpeg 18w\" sizes=\"(max-width: 2048px) 100vw, 2048px\" \/><\/div>\n\t\t<\/a>\n\t\t\t\t<div class=\"elementor-post__text\">\n\t\t\t\t<h3 class=\"elementor-post__title\">\n\t\t\t<a href=\"https:\/\/quintadopacowinery.pt\/de\/2025-harvest-new-grape-varieties-and-family-spirit-at-quinta-do-paco\/\" >\n\t\t\t\tErnte 2025: Neue Rebsorten und Familiengeist auf der Quinta do Pa\u00e7o\t\t\t<\/a>\n\t\t<\/h3>\n\t\t\n\t\t<a class=\"elementor-post__read-more\" href=\"https:\/\/quintadopacowinery.pt\/de\/2025-harvest-new-grape-varieties-and-family-spirit-at-quinta-do-paco\/\" aria-label=\"Mehr \u00fcber 2025 Harvest: New Grape Varieties and Family Spirit at Quinta do Pa\u00e7o\" tabindex=\"-1\" >\n\t\t\tMehr erfahren\t\t<\/a>\n\n\t\t\t\t<\/div>\n\t\t\t\t<\/article>\n\t\t\t\t<article class=\"elementor-post elementor-grid-item post-2920 post type-post status-publish format-standard has-post-thumbnail hentry category-paco-news tag-awards\" role=\"listitem\">\n\t\t\t\t<a class=\"elementor-post__thumbnail__link\" href=\"https:\/\/quintadopacowinery.pt\/de\/a-toast-to-summer-sunset-laughter-and-ana-wines-at-quinta-do-casal-da-silva\/\" tabindex=\"-1\" >\n\t\t\t<div class=\"elementor-post__thumbnail\"><img loading=\"lazy\" decoding=\"async\" width=\"1536\" height=\"2048\" src=\"https:\/\/quintadopacowinery.pt\/wp-content\/uploads\/2025\/08\/Quinta-do-Paco-ANA-wines-at-Quinta-Casal-da-Silva-sunset--1536x2048.jpg\" class=\"attachment-2048x2048 size-2048x2048 wp-image-2908\" alt=\"\" srcset=\"https:\/\/quintadopacowinery.pt\/wp-content\/uploads\/2025\/08\/Quinta-do-Paco-ANA-wines-at-Quinta-Casal-da-Silva-sunset--1536x2048.jpg 1536w, https:\/\/quintadopacowinery.pt\/wp-content\/uploads\/2025\/08\/Quinta-do-Paco-ANA-wines-at-Quinta-Casal-da-Silva-sunset--225x300.jpg 225w, https:\/\/quintadopacowinery.pt\/wp-content\/uploads\/2025\/08\/Quinta-do-Paco-ANA-wines-at-Quinta-Casal-da-Silva-sunset--768x1024.jpg 768w, https:\/\/quintadopacowinery.pt\/wp-content\/uploads\/2025\/08\/Quinta-do-Paco-ANA-wines-at-Quinta-Casal-da-Silva-sunset--1152x1536.jpg 1152w, https:\/\/quintadopacowinery.pt\/wp-content\/uploads\/2025\/08\/Quinta-do-Paco-ANA-wines-at-Quinta-Casal-da-Silva-sunset--9x12.jpg 9w, https:\/\/quintadopacowinery.pt\/wp-content\/uploads\/2025\/08\/Quinta-do-Paco-ANA-wines-at-Quinta-Casal-da-Silva-sunset--scaled.jpg 1920w\" sizes=\"(max-width: 1536px) 100vw, 1536px\" \/><\/div>\n\t\t<\/a>\n\t\t\t\t<div class=\"elementor-post__text\">\n\t\t\t\t<h3 class=\"elementor-post__title\">\n\t\t\t<a href=\"https:\/\/quintadopacowinery.pt\/de\/a-toast-to-summer-sunset-laughter-and-ana-wines-at-quinta-do-casal-da-silva\/\" >\n\t\t\t\tEin Toast auf den Sommer: Sonnenuntergang, Gel\u00e4chter und ANA WINES in der Quinta do Casal da Silva\t\t\t<\/a>\n\t\t<\/h3>\n\t\t\n\t\t<a class=\"elementor-post__read-more\" href=\"https:\/\/quintadopacowinery.pt\/de\/a-toast-to-summer-sunset-laughter-and-ana-wines-at-quinta-do-casal-da-silva\/\" aria-label=\"Mehr \u00fcber A Toast to Summer: Sunset, Laughter and ANA WINES at Quinta do Casal da Silva\" tabindex=\"-1\" >\n\t\t\tMehr erfahren\t\t<\/a>\n\n\t\t\t\t<\/div>\n\t\t\t\t<\/article>\n\t\t\t\t<article class=\"elementor-post elementor-grid-item post-2907 post type-post status-publish format-standard has-post-thumbnail hentry category-paco-news tag-awards\" role=\"listitem\">\n\t\t\t\t<a class=\"elementor-post__thumbnail__link\" href=\"https:\/\/quintadopacowinery.pt\/de\/quinta-do-paco-silver-medal-at-the-marco-2025-wine-competition-a-toast-to-excellence-and-tradition\/\" tabindex=\"-1\" >\n\t\t\t<div class=\"elementor-post__thumbnail\"><img loading=\"lazy\" decoding=\"async\" width=\"2048\" height=\"1140\" src=\"https:\/\/quintadopacowinery.pt\/wp-content\/uploads\/2025\/08\/quinta-do-paco-winery-awarded-silver-in-Marco-Wine-Contest-2025.jpg\" class=\"attachment-2048x2048 size-2048x2048 wp-image-2909\" alt=\"\" srcset=\"https:\/\/quintadopacowinery.pt\/wp-content\/uploads\/2025\/08\/quinta-do-paco-winery-awarded-silver-in-Marco-Wine-Contest-2025.jpg 2048w, https:\/\/quintadopacowinery.pt\/wp-content\/uploads\/2025\/08\/quinta-do-paco-winery-awarded-silver-in-Marco-Wine-Contest-2025-300x167.jpg 300w, https:\/\/quintadopacowinery.pt\/wp-content\/uploads\/2025\/08\/quinta-do-paco-winery-awarded-silver-in-Marco-Wine-Contest-2025-1024x570.jpg 1024w, https:\/\/quintadopacowinery.pt\/wp-content\/uploads\/2025\/08\/quinta-do-paco-winery-awarded-silver-in-Marco-Wine-Contest-2025-768x428.jpg 768w, https:\/\/quintadopacowinery.pt\/wp-content\/uploads\/2025\/08\/quinta-do-paco-winery-awarded-silver-in-Marco-Wine-Contest-2025-1536x855.jpg 1536w, https:\/\/quintadopacowinery.pt\/wp-content\/uploads\/2025\/08\/quinta-do-paco-winery-awarded-silver-in-Marco-Wine-Contest-2025-18x10.jpg 18w\" sizes=\"(max-width: 2048px) 100vw, 2048px\" \/><\/div>\n\t\t<\/a>\n\t\t\t\t<div class=\"elementor-post__text\">\n\t\t\t\t<h3 class=\"elementor-post__title\">\n\t\t\t<a href=\"https:\/\/quintadopacowinery.pt\/de\/quinta-do-paco-silver-medal-at-the-marco-2025-wine-competition-a-toast-to-excellence-and-tradition\/\" >\n\t\t\t\tQuinta do Pa\u00e7o: Silbermedaille beim Marco 2025 Weinwettbewerb \u2013 Ein Toast auf Exzellenz und Tradition\t\t\t<\/a>\n\t\t<\/h3>\n\t\t\n\t\t<a class=\"elementor-post__read-more\" href=\"https:\/\/quintadopacowinery.pt\/de\/quinta-do-paco-silver-medal-at-the-marco-2025-wine-competition-a-toast-to-excellence-and-tradition\/\" aria-label=\"Mehr \u00fcber Quinta do Pa\u00e7o: Silver Medal at the Marco 2025 Wine Competition \u2014 A Toast to Excellence and Tradition\" tabindex=\"-1\" >\n\t\t\tMehr erfahren\t\t<\/a>\n\n\t\t\t\t<\/div>\n\t\t\t\t<\/article>\n\t\t\t\t<\/div>\n\t\t\n\t\t\t\t\t\t<\/div>\n\t\t\t\t<\/div>\n\t\t\t\t\t<\/div>\n\t\t<\/div>\n\t\t\t\t\t<\/div>\n\t\t<\/section>\n\t\t\t\t<section class=\"elementor-section elementor-top-section elementor-element elementor-element-cf36b56 elementor-section-boxed elementor-section-height-default elementor-section-height-default\" data-id=\"cf36b56\" data-element_type=\"section\" data-e-type=\"section\">\n\t\t\t\t\t\t<div class=\"elementor-container elementor-column-gap-default\">\n\t\t\t\t\t<div class=\"elementor-column elementor-col-100 elementor-top-column elementor-element elementor-element-7f84699\" data-id=\"7f84699\" data-element_type=\"column\" data-e-type=\"column\">\n\t\t\t<div class=\"elementor-widget-wrap elementor-element-populated\">\n\t\t\t\t\t\t<section class=\"elementor-section elementor-inner-section elementor-element elementor-element-e6d484a elementor-section-boxed elementor-section-height-default elementor-section-height-default\" data-id=\"e6d484a\" data-element_type=\"section\" data-e-type=\"section\">\n\t\t\t\t\t\t<div class=\"elementor-container elementor-column-gap-default\">\n\t\t\t\t\t<div class=\"elementor-column elementor-col-50 elementor-inner-column elementor-element elementor-element-0e111f2\" data-id=\"0e111f2\" data-element_type=\"column\" data-e-type=\"column\">\n\t\t\t<div class=\"elementor-widget-wrap elementor-element-populated\">\n\t\t\t\t\t\t<div class=\"elementor-element elementor-element-c0d48a5 elementor-widget elementor-widget-heading\" data-id=\"c0d48a5\" data-element_type=\"widget\" data-e-type=\"widget\" data-widget_type=\"heading.default\">\n\t\t\t\t<div class=\"elementor-widget-container\">\n\t\t\t\t\t<h2 class=\"elementor-heading-title elementor-size-default\">Teilen<\/h2>\t\t\t\t<\/div>\n\t\t\t\t<\/div>\n\t\t\t\t\t<\/div>\n\t\t<\/div>\n\t\t\t\t<div class=\"elementor-column elementor-col-50 elementor-inner-column elementor-element elementor-element-6c9f734\" data-id=\"6c9f734\" data-element_type=\"column\" data-e-type=\"column\">\n\t\t\t<div class=\"elementor-widget-wrap elementor-element-populated\">\n\t\t\t\t\t\t<div class=\"elementor-element elementor-element-2c206f0 elementor-share-buttons--skin-framed elementor-share-buttons--color-custom elementor-share-buttons--view-icon-text elementor-share-buttons--shape-square elementor-grid-0 elementor-widget elementor-widget-share-buttons\" data-id=\"2c206f0\" data-element_type=\"widget\" data-e-type=\"widget\" data-widget_type=\"share-buttons.default\">\n\t\t\t\t<div class=\"elementor-widget-container\">\n\t\t\t\t\t\t\t<div class=\"elementor-grid\" role=\"list\">\n\t\t\t\t\t\t\t\t<div class=\"elementor-grid-item\" role=\"listitem\">\n\t\t\t\t\t\t<div class=\"elementor-share-btn elementor-share-btn_whatsapp\" role=\"button\" tabindex=\"0\" aria-label=\"Share on whatsapp\">\n\t\t\t\t\t\t\t\t\t\t\t\t\t\t\t<span class=\"elementor-share-btn__icon\">\n\t\t\t\t\t\t\t\t<i class=\"fab fa-whatsapp\" aria-hidden=\"true\"><\/i>\t\t\t\t\t\t\t<\/span>\n\t\t\t\t\t\t\t\t\t\t\t\t\t\t\t\t\t\t\t\t\t\t<div class=\"elementor-share-btn__text\">\n\t\t\t\t\t\t\t\t\t\t\t\t\t\t\t\t\t\t\t<span class=\"elementor-share-btn__title\">\n\t\t\t\t\t\t\t\t\t\tWhatsApp\t\t\t\t\t\t\t\t\t<\/span>\n\t\t\t\t\t\t\t\t\t\t\t\t\t\t\t\t\t<\/div>\n\t\t\t\t\t\t\t\t\t\t\t\t\t<\/div>\n\t\t\t\t\t<\/div>\n\t\t\t\t\t\t\t\t\t<div class=\"elementor-grid-item\" role=\"listitem\">\n\t\t\t\t\t\t<div class=\"elementor-share-btn elementor-share-btn_telegram\" role=\"button\" tabindex=\"0\" aria-label=\"Share on telegram\">\n\t\t\t\t\t\t\t\t\t\t\t\t\t\t\t<span class=\"elementor-share-btn__icon\">\n\t\t\t\t\t\t\t\t<i class=\"fab fa-telegram\" aria-hidden=\"true\"><\/i>\t\t\t\t\t\t\t<\/span>\n\t\t\t\t\t\t\t\t\t\t\t\t\t\t\t\t\t\t\t\t\t\t<div class=\"elementor-share-btn__text\">\n\t\t\t\t\t\t\t\t\t\t\t\t\t\t\t\t\t\t\t<span class=\"elementor-share-btn__title\">\n\t\t\t\t\t\t\t\t\t\tTelegram\t\t\t\t\t\t\t\t\t<\/span>\n\t\t\t\t\t\t\t\t\t\t\t\t\t\t\t\t\t<\/div>\n\t\t\t\t\t\t\t\t\t\t\t\t\t<\/div>\n\t\t\t\t\t<\/div>\n\t\t\t\t\t\t\t\t\t<div class=\"elementor-grid-item\" role=\"listitem\">\n\t\t\t\t\t\t<div class=\"elementor-share-btn elementor-share-btn_facebook\" role=\"button\" tabindex=\"0\" aria-label=\"Share on facebook\">\n\t\t\t\t\t\t\t\t\t\t\t\t\t\t\t<span class=\"elementor-share-btn__icon\">\n\t\t\t\t\t\t\t\t<i class=\"fab fa-facebook\" aria-hidden=\"true\"><\/i>\t\t\t\t\t\t\t<\/span>\n\t\t\t\t\t\t\t\t\t\t\t\t\t\t\t\t\t\t\t\t\t\t<div class=\"elementor-share-btn__text\">\n\t\t\t\t\t\t\t\t\t\t\t\t\t\t\t\t\t\t\t<span class=\"elementor-share-btn__title\">\n\t\t\t\t\t\t\t\t\t\tFacebook\t\t\t\t\t\t\t\t\t<\/span>\n\t\t\t\t\t\t\t\t\t\t\t\t\t\t\t\t\t<\/div>\n\t\t\t\t\t\t\t\t\t\t\t\t\t<\/div>\n\t\t\t\t\t<\/div>\n\t\t\t\t\t\t\t\t\t<div class=\"elementor-grid-item\" role=\"listitem\">\n\t\t\t\t\t\t<div class=\"elementor-share-btn elementor-share-btn_linkedin\" role=\"button\" tabindex=\"0\" aria-label=\"Share on linkedin\">\n\t\t\t\t\t\t\t\t\t\t\t\t\t\t\t<span class=\"elementor-share-btn__icon\">\n\t\t\t\t\t\t\t\t<i class=\"fab fa-linkedin\" aria-hidden=\"true\"><\/i>\t\t\t\t\t\t\t<\/span>\n\t\t\t\t\t\t\t\t\t\t\t\t\t\t\t\t\t\t\t\t\t\t<div class=\"elementor-share-btn__text\">\n\t\t\t\t\t\t\t\t\t\t\t\t\t\t\t\t\t\t\t<span class=\"elementor-share-btn__title\">\n\t\t\t\t\t\t\t\t\t\tLinkedIn\t\t\t\t\t\t\t\t\t<\/span>\n\t\t\t\t\t\t\t\t\t\t\t\t\t\t\t\t\t<\/div>\n\t\t\t\t\t\t\t\t\t\t\t\t\t<\/div>\n\t\t\t\t\t<\/div>\n\t\t\t\t\t\t\t\t\t<div class=\"elementor-grid-item\" role=\"listitem\">\n\t\t\t\t\t\t<div class=\"elementor-share-btn elementor-share-btn_email\" role=\"button\" tabindex=\"0\" aria-label=\"Share on email\">\n\t\t\t\t\t\t\t\t\t\t\t\t\t\t\t<span class=\"elementor-share-btn__icon\">\n\t\t\t\t\t\t\t\t<i class=\"fas fa-envelope\" aria-hidden=\"true\"><\/i>\t\t\t\t\t\t\t<\/span>\n\t\t\t\t\t\t\t\t\t\t\t\t\t\t\t\t\t\t\t\t\t\t<div class=\"elementor-share-btn__text\">\n\t\t\t\t\t\t\t\t\t\t\t\t\t\t\t\t\t\t\t<span class=\"elementor-share-btn__title\">\n\t\t\t\t\t\t\t\t\t\tEmail\t\t\t\t\t\t\t\t\t<\/span>\n\t\t\t\t\t\t\t\t\t\t\t\t\t\t\t\t\t<\/div>\n\t\t\t\t\t\t\t\t\t\t\t\t\t<\/div>\n\t\t\t\t\t<\/div>\n\t\t\t\t\t\t<\/div>\n\t\t\t\t\t\t<\/div>\n\t\t\t\t<\/div>\n\t\t\t\t\t<\/div>\n\t\t<\/div>\n\t\t\t\t\t<\/div>\n\t\t<\/section>\n\t\t\t\t\t<\/div>\n\t\t<\/div>\n\t\t\t\t\t<\/div>\n\t\t<\/section>\n\t\t\t\t<section class=\"elementor-section elementor-top-section elementor-element elementor-element-18a0c26 elementor-section-height-min-height elementor-section-stretched elementor-section-full_width elementor-section-items-bottom elementor-section-height-default\" data-id=\"18a0c26\" data-element_type=\"section\" data-e-type=\"section\" data-settings=\"{&quot;stretch_section&quot;:&quot;section-stretched&quot;,&quot;background_background&quot;:&quot;classic&quot;}\">\n\t\t\t\t\t\t<div class=\"elementor-container elementor-column-gap-default\">\n\t\t\t\t\t<div class=\"elementor-column elementor-col-100 elementor-top-column elementor-element elementor-element-f4d027d\" data-id=\"f4d027d\" data-element_type=\"column\" data-e-type=\"column\">\n\t\t\t<div class=\"elementor-widget-wrap elementor-element-populated\">\n\t\t\t\t\t\t<div class=\"elementor-element elementor-element-905268f elementor-invisible elementor-widget elementor-widget-heading\" data-id=\"905268f\" data-element_type=\"widget\" data-e-type=\"widget\" data-settings=\"{&quot;_animation&quot;:&quot;fadeIn&quot;,&quot;_animation_delay&quot;:&quot;400&quot;}\" data-widget_type=\"heading.default\">\n\t\t\t\t<div class=\"elementor-widget-container\">\n\t\t\t\t\t<h1 class=\"elementor-heading-title elementor-size-default\">eine Flasche aufmachen<\/h1>\t\t\t\t<\/div>\n\t\t\t\t<\/div>\n\t\t\t\t<div class=\"elementor-element elementor-element-ed06c71 elementor-invisible elementor-widget elementor-widget-button\" data-id=\"ed06c71\" data-element_type=\"widget\" data-e-type=\"widget\" data-settings=\"{&quot;_animation&quot;:&quot;fadeIn&quot;,&quot;_animation_delay&quot;:&quot;600&quot;}\" data-widget_type=\"button.default\">\n\t\t\t\t<div class=\"elementor-widget-container\">\n\t\t\t\t\t\t\t\t\t<div class=\"elementor-button-wrapper\">\n\t\t\t\t\t<a class=\"elementor-button elementor-button-link elementor-size-sm elementor-animation-grow\" href=\"https:\/\/quintadopacowinery.pt\/de\/wines\/\">\n\t\t\t\t\t\t<span class=\"elementor-button-content-wrapper\">\n\t\t\t\t\t\t<span class=\"elementor-button-icon\">\n\t\t\t\t<i aria-hidden=\"true\" class=\"fas fa-arrow-right\"><\/i>\t\t\t<\/span>\n\t\t\t\t\t\t\t\t\t<span class=\"elementor-button-text\">Online store<\/span>\n\t\t\t\t\t<\/span>\n\t\t\t\t\t<\/a>\n\t\t\t\t<\/div>\n\t\t\t\t\t\t\t\t<\/div>\n\t\t\t\t<\/div>\n\t\t\t\t\t<\/div>\n\t\t<\/div>\n\t\t\t\t\t<\/div>\n\t\t<\/section>\n\t\t\t\t<\/div>","protected":false},"excerpt":{"rendered":"<p>Die Ernte 2023 der Quinta do Pa\u00e7o: Die Entkorkung der Geheimnisse der Verde-Wein-Exzellenz Eingebettet in die \u00fcppige, gr\u00fcne Landschaft der Vinho Verde Region, Quinta do<\/p>","protected":false},"author":1,"featured_media":1836,"comment_status":"closed","ping_status":"open","sticky":false,"template":"","format":"standard","meta":{"footnotes":""},"categories":[28],"tags":[],"class_list":["post-1806","post","type-post","status-publish","format-standard","has-post-thumbnail","hentry","category-paco-news"],"yoast_head":"<!-- This site is optimized with the Yoast SEO plugin v27.5 - https:\/\/yoast.com\/product\/yoast-seo-wordpress\/ -->\n<title>Quinta do Pa\u00e7o&#039;s 2023 Harvest: Uncorking the Secrets of Verde Wine Excellence - Quinta do Pa\u00e7o<\/title>\n<meta name=\"description\" content=\"Quinta do Pa\u00e7o has once again experienced a bountiful and remarkable grape harvest in 2023. This year&#039;s crop has not disappointed.\" \/>\n<meta name=\"robots\" content=\"index, follow, max-snippet:-1, max-image-preview:large, max-video-preview:-1\" \/>\n<link rel=\"canonical\" href=\"https:\/\/quintadopacowinery.pt\/de\/quinta-do-pacos-2023-harvest-uncorking-the-secrets-of-verde-wine-excellence\/\" \/>\n<meta property=\"og:locale\" content=\"de_DE\" \/>\n<meta property=\"og:type\" content=\"article\" \/>\n<meta property=\"og:title\" content=\"Quinta do Pa\u00e7o&#039;s 2023 Harvest: Uncorking the Secrets of Verde Wine Excellence - Quinta do Pa\u00e7o\" \/>\n<meta property=\"og:description\" content=\"Quinta do Pa\u00e7o has once again experienced a bountiful and remarkable grape harvest in 2023. This year&#039;s crop has not disappointed.\" \/>\n<meta property=\"og:url\" content=\"https:\/\/quintadopacowinery.pt\/de\/quinta-do-pacos-2023-harvest-uncorking-the-secrets-of-verde-wine-excellence\/\" \/>\n<meta property=\"og:site_name\" content=\"Quinta do Pa\u00e7o\" \/>\n<meta property=\"article:published_time\" content=\"2023-08-24T10:23:00+00:00\" \/>\n<meta property=\"article:modified_time\" content=\"2023-10-06T17:27:39+00:00\" \/>\n<meta property=\"og:image\" content=\"https:\/\/quintadopacowinery.pt\/wp-content\/uploads\/2023\/07\/IMG_3841.jpg\" \/>\n\t<meta property=\"og:image:width\" content=\"1024\" \/>\n\t<meta property=\"og:image:height\" content=\"768\" \/>\n\t<meta property=\"og:image:type\" content=\"image\/jpeg\" \/>\n<meta name=\"author\" content=\"admin\" \/>\n<meta name=\"twitter:card\" content=\"summary_large_image\" \/>\n<meta name=\"twitter:label1\" content=\"Verfasst von\" \/>\n\t<meta name=\"twitter:data1\" content=\"admin\" \/>\n\t<meta name=\"twitter:label2\" content=\"Gesch\u00e4tzte Lesezeit\" \/>\n\t<meta name=\"twitter:data2\" content=\"4\u00a0Minuten\" \/>\n<script type=\"application\/ld+json\" class=\"yoast-schema-graph\">{\"@context\":\"https:\\\/\\\/schema.org\",\"@graph\":[{\"@type\":\"Article\",\"@id\":\"https:\\\/\\\/quintadopacowinery.pt\\\/quinta-do-pacos-2023-harvest-uncorking-the-secrets-of-verde-wine-excellence\\\/#article\",\"isPartOf\":{\"@id\":\"https:\\\/\\\/quintadopacowinery.pt\\\/quinta-do-pacos-2023-harvest-uncorking-the-secrets-of-verde-wine-excellence\\\/\"},\"author\":{\"name\":\"admin\",\"@id\":\"https:\\\/\\\/quintadopacowinery.pt\\\/#\\\/schema\\\/person\\\/22724cff0342ddac533061d54204e91d\"},\"headline\":\"Quinta do Pa\u00e7o&#8217;s 2023 Harvest: Uncorking the Secrets of Verde Wine Excellence\",\"datePublished\":\"2023-08-24T10:23:00+00:00\",\"dateModified\":\"2023-10-06T17:27:39+00:00\",\"mainEntityOfPage\":{\"@id\":\"https:\\\/\\\/quintadopacowinery.pt\\\/quinta-do-pacos-2023-harvest-uncorking-the-secrets-of-verde-wine-excellence\\\/\"},\"wordCount\":498,\"publisher\":{\"@id\":\"https:\\\/\\\/quintadopacowinery.pt\\\/#organization\"},\"image\":{\"@id\":\"https:\\\/\\\/quintadopacowinery.pt\\\/quinta-do-pacos-2023-harvest-uncorking-the-secrets-of-verde-wine-excellence\\\/#primaryimage\"},\"thumbnailUrl\":\"https:\\\/\\\/quintadopacowinery.pt\\\/wp-content\\\/uploads\\\/2023\\\/07\\\/IMG_3841.jpg\",\"articleSection\":[\"Pa\u00e7o News\"],\"inLanguage\":\"de\"},{\"@type\":\"WebPage\",\"@id\":\"https:\\\/\\\/quintadopacowinery.pt\\\/quinta-do-pacos-2023-harvest-uncorking-the-secrets-of-verde-wine-excellence\\\/\",\"url\":\"https:\\\/\\\/quintadopacowinery.pt\\\/quinta-do-pacos-2023-harvest-uncorking-the-secrets-of-verde-wine-excellence\\\/\",\"name\":\"Quinta do Pa\u00e7o's 2023 Harvest: Uncorking the Secrets of Verde Wine Excellence - Quinta do Pa\u00e7o\",\"isPartOf\":{\"@id\":\"https:\\\/\\\/quintadopacowinery.pt\\\/#website\"},\"primaryImageOfPage\":{\"@id\":\"https:\\\/\\\/quintadopacowinery.pt\\\/quinta-do-pacos-2023-harvest-uncorking-the-secrets-of-verde-wine-excellence\\\/#primaryimage\"},\"image\":{\"@id\":\"https:\\\/\\\/quintadopacowinery.pt\\\/quinta-do-pacos-2023-harvest-uncorking-the-secrets-of-verde-wine-excellence\\\/#primaryimage\"},\"thumbnailUrl\":\"https:\\\/\\\/quintadopacowinery.pt\\\/wp-content\\\/uploads\\\/2023\\\/07\\\/IMG_3841.jpg\",\"datePublished\":\"2023-08-24T10:23:00+00:00\",\"dateModified\":\"2023-10-06T17:27:39+00:00\",\"description\":\"Quinta do Pa\u00e7o has once again experienced a bountiful and remarkable grape harvest in 2023. This year's crop has not disappointed.\",\"breadcrumb\":{\"@id\":\"https:\\\/\\\/quintadopacowinery.pt\\\/quinta-do-pacos-2023-harvest-uncorking-the-secrets-of-verde-wine-excellence\\\/#breadcrumb\"},\"inLanguage\":\"de\",\"potentialAction\":[{\"@type\":\"ReadAction\",\"target\":[\"https:\\\/\\\/quintadopacowinery.pt\\\/quinta-do-pacos-2023-harvest-uncorking-the-secrets-of-verde-wine-excellence\\\/\"]}]},{\"@type\":\"ImageObject\",\"inLanguage\":\"de\",\"@id\":\"https:\\\/\\\/quintadopacowinery.pt\\\/quinta-do-pacos-2023-harvest-uncorking-the-secrets-of-verde-wine-excellence\\\/#primaryimage\",\"url\":\"https:\\\/\\\/quintadopacowinery.pt\\\/wp-content\\\/uploads\\\/2023\\\/07\\\/IMG_3841.jpg\",\"contentUrl\":\"https:\\\/\\\/quintadopacowinery.pt\\\/wp-content\\\/uploads\\\/2023\\\/07\\\/IMG_3841.jpg\",\"width\":1024,\"height\":768,\"caption\":\"Harvesting at Quinta do Pa\u00e7o, S\u00e3o Louren\u00e7o do Douro, Portugal\"},{\"@type\":\"BreadcrumbList\",\"@id\":\"https:\\\/\\\/quintadopacowinery.pt\\\/quinta-do-pacos-2023-harvest-uncorking-the-secrets-of-verde-wine-excellence\\\/#breadcrumb\",\"itemListElement\":[{\"@type\":\"ListItem\",\"position\":1,\"name\":\"Home\",\"item\":\"https:\\\/\\\/quintadopacowinery.pt\\\/\"},{\"@type\":\"ListItem\",\"position\":2,\"name\":\"Quinta do Pa\u00e7o&#8217;s 2023 Harvest: Uncorking the Secrets of Verde Wine Excellence\"}]},{\"@type\":\"WebSite\",\"@id\":\"https:\\\/\\\/quintadopacowinery.pt\\\/#website\",\"url\":\"https:\\\/\\\/quintadopacowinery.pt\\\/\",\"name\":\"Quinta do Pa\u00e7o\",\"description\":\"Winery\",\"publisher\":{\"@id\":\"https:\\\/\\\/quintadopacowinery.pt\\\/#organization\"},\"potentialAction\":[{\"@type\":\"SearchAction\",\"target\":{\"@type\":\"EntryPoint\",\"urlTemplate\":\"https:\\\/\\\/quintadopacowinery.pt\\\/?s={search_term_string}\"},\"query-input\":{\"@type\":\"PropertyValueSpecification\",\"valueRequired\":true,\"valueName\":\"search_term_string\"}}],\"inLanguage\":\"de\"},{\"@type\":\"Organization\",\"@id\":\"https:\\\/\\\/quintadopacowinery.pt\\\/#organization\",\"name\":\"Quinta do Pa\u00e7o\",\"url\":\"https:\\\/\\\/quintadopacowinery.pt\\\/\",\"logo\":{\"@type\":\"ImageObject\",\"inLanguage\":\"de\",\"@id\":\"https:\\\/\\\/quintadopacowinery.pt\\\/#\\\/schema\\\/logo\\\/image\\\/\",\"url\":\"https:\\\/\\\/quintadopacowinery.pt\\\/wp-content\\\/uploads\\\/2022\\\/12\\\/logo_quinta_paco.svg\",\"contentUrl\":\"https:\\\/\\\/quintadopacowinery.pt\\\/wp-content\\\/uploads\\\/2022\\\/12\\\/logo_quinta_paco.svg\",\"width\":267,\"height\":45,\"caption\":\"Quinta do Pa\u00e7o \"},\"image\":{\"@id\":\"https:\\\/\\\/quintadopacowinery.pt\\\/#\\\/schema\\\/logo\\\/image\\\/\"}},{\"@type\":\"Person\",\"@id\":\"https:\\\/\\\/quintadopacowinery.pt\\\/#\\\/schema\\\/person\\\/22724cff0342ddac533061d54204e91d\",\"name\":\"admin\",\"image\":{\"@type\":\"ImageObject\",\"inLanguage\":\"de\",\"@id\":\"https:\\\/\\\/secure.gravatar.com\\\/avatar\\\/846e8d048ed9c29fada4b80181dd18b21a9cf5b6f63ba095d95c2530a11fc3db?s=96&d=mm&r=g\",\"url\":\"https:\\\/\\\/secure.gravatar.com\\\/avatar\\\/846e8d048ed9c29fada4b80181dd18b21a9cf5b6f63ba095d95c2530a11fc3db?s=96&d=mm&r=g\",\"contentUrl\":\"https:\\\/\\\/secure.gravatar.com\\\/avatar\\\/846e8d048ed9c29fada4b80181dd18b21a9cf5b6f63ba095d95c2530a11fc3db?s=96&d=mm&r=g\",\"caption\":\"admin\"},\"sameAs\":[\"https:\\\/\\\/quintadopacowinery.pt\"],\"url\":\"https:\\\/\\\/quintadopacowinery.pt\\\/de\\\/author\\\/admin\\\/\"}]}<\/script>\n<!-- \/ Yoast SEO plugin. -->","yoast_head_json":{"title":"Quinta do Pa\u00e7o's 2023 Harvest: Uncorking the Secrets of Verde Wine Excellence - Quinta do Pa\u00e7o","description":"Quinta do Pa\u00e7o has once again experienced a bountiful and remarkable grape harvest in 2023. This year's crop has not disappointed.","robots":{"index":"index","follow":"follow","max-snippet":"max-snippet:-1","max-image-preview":"max-image-preview:large","max-video-preview":"max-video-preview:-1"},"canonical":"https:\/\/quintadopacowinery.pt\/de\/quinta-do-pacos-2023-harvest-uncorking-the-secrets-of-verde-wine-excellence\/","og_locale":"de_DE","og_type":"article","og_title":"Quinta do Pa\u00e7o's 2023 Harvest: Uncorking the Secrets of Verde Wine Excellence - Quinta do Pa\u00e7o","og_description":"Quinta do Pa\u00e7o has once again experienced a bountiful and remarkable grape harvest in 2023. This year's crop has not disappointed.","og_url":"https:\/\/quintadopacowinery.pt\/de\/quinta-do-pacos-2023-harvest-uncorking-the-secrets-of-verde-wine-excellence\/","og_site_name":"Quinta do Pa\u00e7o","article_published_time":"2023-08-24T10:23:00+00:00","article_modified_time":"2023-10-06T17:27:39+00:00","og_image":[{"width":1024,"height":768,"url":"https:\/\/quintadopacowinery.pt\/wp-content\/uploads\/2023\/07\/IMG_3841.jpg","type":"image\/jpeg"}],"author":"admin","twitter_card":"summary_large_image","twitter_misc":{"Verfasst von":"admin","Gesch\u00e4tzte Lesezeit":"4\u00a0Minuten"},"schema":{"@context":"https:\/\/schema.org","@graph":[{"@type":"Article","@id":"https:\/\/quintadopacowinery.pt\/quinta-do-pacos-2023-harvest-uncorking-the-secrets-of-verde-wine-excellence\/#article","isPartOf":{"@id":"https:\/\/quintadopacowinery.pt\/quinta-do-pacos-2023-harvest-uncorking-the-secrets-of-verde-wine-excellence\/"},"author":{"name":"admin","@id":"https:\/\/quintadopacowinery.pt\/#\/schema\/person\/22724cff0342ddac533061d54204e91d"},"headline":"Quinta do Pa\u00e7o&#8217;s 2023 Harvest: Uncorking the Secrets of Verde Wine Excellence","datePublished":"2023-08-24T10:23:00+00:00","dateModified":"2023-10-06T17:27:39+00:00","mainEntityOfPage":{"@id":"https:\/\/quintadopacowinery.pt\/quinta-do-pacos-2023-harvest-uncorking-the-secrets-of-verde-wine-excellence\/"},"wordCount":498,"publisher":{"@id":"https:\/\/quintadopacowinery.pt\/#organization"},"image":{"@id":"https:\/\/quintadopacowinery.pt\/quinta-do-pacos-2023-harvest-uncorking-the-secrets-of-verde-wine-excellence\/#primaryimage"},"thumbnailUrl":"https:\/\/quintadopacowinery.pt\/wp-content\/uploads\/2023\/07\/IMG_3841.jpg","articleSection":["Pa\u00e7o News"],"inLanguage":"de"},{"@type":"WebPage","@id":"https:\/\/quintadopacowinery.pt\/quinta-do-pacos-2023-harvest-uncorking-the-secrets-of-verde-wine-excellence\/","url":"https:\/\/quintadopacowinery.pt\/quinta-do-pacos-2023-harvest-uncorking-the-secrets-of-verde-wine-excellence\/","name":"Quinta do Pa\u00e7o's 2023 Harvest: Uncorking the Secrets of Verde Wine Excellence - Quinta do Pa\u00e7o","isPartOf":{"@id":"https:\/\/quintadopacowinery.pt\/#website"},"primaryImageOfPage":{"@id":"https:\/\/quintadopacowinery.pt\/quinta-do-pacos-2023-harvest-uncorking-the-secrets-of-verde-wine-excellence\/#primaryimage"},"image":{"@id":"https:\/\/quintadopacowinery.pt\/quinta-do-pacos-2023-harvest-uncorking-the-secrets-of-verde-wine-excellence\/#primaryimage"},"thumbnailUrl":"https:\/\/quintadopacowinery.pt\/wp-content\/uploads\/2023\/07\/IMG_3841.jpg","datePublished":"2023-08-24T10:23:00+00:00","dateModified":"2023-10-06T17:27:39+00:00","description":"Quinta do Pa\u00e7o has once again experienced a bountiful and remarkable grape harvest in 2023. This year's crop has not disappointed.","breadcrumb":{"@id":"https:\/\/quintadopacowinery.pt\/quinta-do-pacos-2023-harvest-uncorking-the-secrets-of-verde-wine-excellence\/#breadcrumb"},"inLanguage":"de","potentialAction":[{"@type":"ReadAction","target":["https:\/\/quintadopacowinery.pt\/quinta-do-pacos-2023-harvest-uncorking-the-secrets-of-verde-wine-excellence\/"]}]},{"@type":"ImageObject","inLanguage":"de","@id":"https:\/\/quintadopacowinery.pt\/quinta-do-pacos-2023-harvest-uncorking-the-secrets-of-verde-wine-excellence\/#primaryimage","url":"https:\/\/quintadopacowinery.pt\/wp-content\/uploads\/2023\/07\/IMG_3841.jpg","contentUrl":"https:\/\/quintadopacowinery.pt\/wp-content\/uploads\/2023\/07\/IMG_3841.jpg","width":1024,"height":768,"caption":"Harvesting at Quinta do Pa\u00e7o, S\u00e3o Louren\u00e7o do Douro, Portugal"},{"@type":"BreadcrumbList","@id":"https:\/\/quintadopacowinery.pt\/quinta-do-pacos-2023-harvest-uncorking-the-secrets-of-verde-wine-excellence\/#breadcrumb","itemListElement":[{"@type":"ListItem","position":1,"name":"Home","item":"https:\/\/quintadopacowinery.pt\/"},{"@type":"ListItem","position":2,"name":"Quinta do Pa\u00e7o&#8217;s 2023 Harvest: Uncorking the Secrets of Verde Wine Excellence"}]},{"@type":"WebSite","@id":"https:\/\/quintadopacowinery.pt\/#website","url":"https:\/\/quintadopacowinery.pt\/","name":"Quinta do Pa\u00e7o","description":"Winery","publisher":{"@id":"https:\/\/quintadopacowinery.pt\/#organization"},"potentialAction":[{"@type":"SearchAction","target":{"@type":"EntryPoint","urlTemplate":"https:\/\/quintadopacowinery.pt\/?s={search_term_string}"},"query-input":{"@type":"PropertyValueSpecification","valueRequired":true,"valueName":"search_term_string"}}],"inLanguage":"de"},{"@type":"Organization","@id":"https:\/\/quintadopacowinery.pt\/#organization","name":"Quinta do Pa\u00e7o","url":"https:\/\/quintadopacowinery.pt\/","logo":{"@type":"ImageObject","inLanguage":"de","@id":"https:\/\/quintadopacowinery.pt\/#\/schema\/logo\/image\/","url":"https:\/\/quintadopacowinery.pt\/wp-content\/uploads\/2022\/12\/logo_quinta_paco.svg","contentUrl":"https:\/\/quintadopacowinery.pt\/wp-content\/uploads\/2022\/12\/logo_quinta_paco.svg","width":267,"height":45,"caption":"Quinta do Pa\u00e7o "},"image":{"@id":"https:\/\/quintadopacowinery.pt\/#\/schema\/logo\/image\/"}},{"@type":"Person","@id":"https:\/\/quintadopacowinery.pt\/#\/schema\/person\/22724cff0342ddac533061d54204e91d","name":"admin","image":{"@type":"ImageObject","inLanguage":"de","@id":"https:\/\/secure.gravatar.com\/avatar\/846e8d048ed9c29fada4b80181dd18b21a9cf5b6f63ba095d95c2530a11fc3db?s=96&d=mm&r=g","url":"https:\/\/secure.gravatar.com\/avatar\/846e8d048ed9c29fada4b80181dd18b21a9cf5b6f63ba095d95c2530a11fc3db?s=96&d=mm&r=g","contentUrl":"https:\/\/secure.gravatar.com\/avatar\/846e8d048ed9c29fada4b80181dd18b21a9cf5b6f63ba095d95c2530a11fc3db?s=96&d=mm&r=g","caption":"admin"},"sameAs":["https:\/\/quintadopacowinery.pt"],"url":"https:\/\/quintadopacowinery.pt\/de\/author\/admin\/"}]}},"_links":{"self":[{"href":"https:\/\/quintadopacowinery.pt\/de\/wp-json\/wp\/v2\/posts\/1806","targetHints":{"allow":["GET"]}}],"collection":[{"href":"https:\/\/quintadopacowinery.pt\/de\/wp-json\/wp\/v2\/posts"}],"about":[{"href":"https:\/\/quintadopacowinery.pt\/de\/wp-json\/wp\/v2\/types\/post"}],"author":[{"embeddable":true,"href":"https:\/\/quintadopacowinery.pt\/de\/wp-json\/wp\/v2\/users\/1"}],"replies":[{"embeddable":true,"href":"https:\/\/quintadopacowinery.pt\/de\/wp-json\/wp\/v2\/comments?post=1806"}],"version-history":[{"count":5,"href":"https:\/\/quintadopacowinery.pt\/de\/wp-json\/wp\/v2\/posts\/1806\/revisions"}],"predecessor-version":[{"id":1978,"href":"https:\/\/quintadopacowinery.pt\/de\/wp-json\/wp\/v2\/posts\/1806\/revisions\/1978"}],"wp:featuredmedia":[{"embeddable":true,"href":"https:\/\/quintadopacowinery.pt\/de\/wp-json\/wp\/v2\/media\/1836"}],"wp:attachment":[{"href":"https:\/\/quintadopacowinery.pt\/de\/wp-json\/wp\/v2\/media?parent=1806"}],"wp:term":[{"taxonomy":"category","embeddable":true,"href":"https:\/\/quintadopacowinery.pt\/de\/wp-json\/wp\/v2\/categories?post=1806"},{"taxonomy":"post_tag","embeddable":true,"href":"https:\/\/quintadopacowinery.pt\/de\/wp-json\/wp\/v2\/tags?post=1806"}],"curies":[{"name":"wp","href":"https:\/\/api.w.org\/{rel}","templated":true}]}}